{"id":4484,"date":"2022-01-03T12:30:46","date_gmt":"2022-01-03T15:30:46","guid":{"rendered":"https:\/\/pranafilmes.fuerzastudio.com\/?p=4484"},"modified":"2022-01-03T12:30:46","modified_gmt":"2022-01-03T15:30:46","slug":"iuli-gerbase-exibe-em-sundance-o-premonitorio-a-nuvem-rosa","status":"publish","type":"post","link":"https:\/\/www.pranafilmes.com.br\/en\/iuli-gerbase-exibe-em-sundance-o-premonitorio-a-nuvem-rosa\/","title":{"rendered":"Iuli Gerbase exibe em Sundance o premonit\u00f3rio \u201cA Nuvem Rosa\u201d"},"content":{"rendered":"\n<p>28 janeiro 2021&nbsp;por&nbsp;<a href=\"https:\/\/www.matinaljornalismo.com.br\/author\/roger\/\" target=\"_blank\" rel=\"noreferrer noopener\">Roger Lerina<\/a><\/p>\n\n\n\n<p>Uma praga planet\u00e1ria surgida subitamente obriga a popula\u00e7\u00e3o a ficar em isolamento, provocando rea\u00e7\u00f5es como solid\u00e3o, depress\u00e3o e at\u00e9 nega\u00e7\u00e3o da realidade. Mas n\u00e3o se trata aqui da pandemia do novo coronav\u00edrus: a descri\u00e7\u00e3o pode servir de sinopse para&nbsp;<strong><em>A Nuvem Rosa<\/em><\/strong>, filme escrito em 2017 e rodado em 2019 \u2013 antes, portanto, do surgimento da Covid-19. Escrito e dirigido por&nbsp;<strong>Iuli Gerbase<\/strong>, o longa-metragem \u00e9 o \u00fanico brasileiro selecionado para o&nbsp;<strong>Festival de Sundance 2021<\/strong>, um dos&nbsp; mais importantes do mundo cinematogr\u00e1fico, que se inicia nesta&nbsp;<strong>quinta-feira (28\/1)<\/strong>, na cidade norte-americana de&nbsp;<strong>Park City<\/strong>. O evento criado pelo astro&nbsp;<strong>Robert Redford&nbsp;<\/strong>ter\u00e1 ainda um outro t\u00edtulo nacional: o curta&nbsp;<strong><em>Inabit\u00e1vel<\/em><\/strong>, de&nbsp;<strong>Matheus Farias&nbsp;<\/strong>e<strong>&nbsp;Enock&nbsp;Carvalho<\/strong>, vencedor de quatro pr\u00eamios no&nbsp;<strong>48\u00ba Festival de Gramado<\/strong>, participar\u00e1 da mostra competitiva da categoria em Sundance.<\/p>\n\n\n\n<p><em>A Nuvem Rosa<\/em>&nbsp;acompanha&nbsp;<strong>Giovana (Renata de L\u00e9lis)<\/strong>, obrigada a ficar trancada em seu apartamento com&nbsp;<strong>Yago (Eduardo Mendon\u00e7a)<\/strong>, rapaz que ela havia rec\u00e9m conhecido em uma festa. Enquanto esperam a misteriosa nuvem t\u00f3xica passar, que mata em 10 segundos qualquer pessoa que tenha contato com a atmosfera, eles precisam conviver como um casal. Os anos v\u00e3o passando e Yago acostuma-se com a situa\u00e7\u00e3o, vivendo uma realidade pr\u00f3pria, enquanto Giovana sente-se cada vez mais aprisionada.<\/p>\n\n\n\n<p>Em Sundance, o filme participa da categoria&nbsp;<strong>World Dramatic Competition<\/strong>. \u201c\u00c9 uma enorme coincid\u00eancia lan\u00e7ar um filme sobre personagens presos em meio a uma quarentena mundial. J\u00e1 est\u00e1vamos editando o filme h\u00e1 meses quando a pandemia come\u00e7ou, e a sensa\u00e7\u00e3o de termos filmado o futuro sem querer foi muito estranha, principalmente por termos um elemento surrealista t\u00e3o presente na hist\u00f3ria\u201d, explica a diretora.<\/p>\n\n\n\n<p><em>A Nuvem Rosa<\/em>&nbsp;\u00e9 o primeiro longa-metragem da realizadora ga\u00facha Iuli Gerbase, que j\u00e1 assinou seis curtas, selecionados para diversos festivais internacionais como&nbsp;<strong>TIFF&nbsp;<\/strong>e&nbsp;<strong>Havana Film Festival<\/strong>. No Festival de Gramado de 2019, seu filme&nbsp;<strong><em>A Pedra<\/em><\/strong>&nbsp;levou uma&nbsp;<strong>Men\u00e7\u00e3o Honrosa<\/strong>&nbsp;na competi\u00e7\u00e3o de curtas brasileiros.<\/p>\n\n\n\n<p><a href=\"https:\/\/www.matinaljornalismo.com.br\/rogerlerina\/cinema\/a-nuvem-rosa-filme-brasileiro-sobre-confinamento-e-selecionado-para-o-festival-de-sundance\/\" target=\"_blank\" rel=\"noreferrer noopener\">\u201cA Nuvem Rosa\u201d, filme brasileiro sobre confinamento, \u00e9 selecionado para o Festival de Sundance<\/a><\/p>\n\n\n\n<p>\u201cO p\u00fablico vai poder se identificar muito com os conflitos emocionais dos personagens, por\u00e9m sabendo que sairemos dessa situa\u00e7\u00e3o em um futuro pr\u00f3ximo. Al\u00e9m disso, como nunca foi a inten\u00e7\u00e3o de que a nuvem representasse um v\u00edrus, acreditamos que o filme vai al\u00e9m da pandemia e traz reflex\u00f5es que continuar\u00e3o a ser pertinentes por muitos anos, como a repress\u00e3o \u00e0s mulheres e o desejo de liberdade\u201d, avalia Iuli.<\/p>\n\n\n\n<p>Com distribui\u00e7\u00e3o da O2 Play e produzido pela Prana Filmes,&nbsp;<em>A Nuvem Rosa<\/em>&nbsp;tem previs\u00e3o de estreia em 2021. \u201cTemos expectativa de participar de outros festivais internacionais e brasileiros.&nbsp;<em>A Nuvem Rosa<\/em>&nbsp;dialoga diretamente com o momento em que vivemos, por isso, temos certeza que muitos espectadores, de diferentes culturas e nacionalidades, ir\u00e3o se identificar com o filme e apreci\u00e1-lo\u201d, comenta a produtora executiva&nbsp;<strong>Patricia Barbieri<\/strong>.<\/p>\n\n\n\n<p>Na entrevista exclusiva a seguir, Iuli Gerbase aborda a rela\u00e7\u00e3o de&nbsp;<em>A Nuvem Rosa<\/em>&nbsp;com a atual pandemia, comenta as refer\u00eancias est\u00e9ticas e tem\u00e1ticas do filme e analisa a presen\u00e7a das mulheres no audiovisual brasileiro: \u201cO que alguns homens ainda precisam aprender \u00e9 parar de interromper as mulheres quando elas est\u00e3o falando nas reuni\u00f5es. \u00c0s vezes ainda sinto que alguns estranham trabalhar com uma mulher na dire\u00e7\u00e3o, mas espero que se acostumem e respeitem da mesma maneira que respeitam os homens\u201d.&nbsp;<\/p>\n\n\n\n<figure class=\"wp-block-image size-large\"><img loading=\"lazy\" decoding=\"async\" width=\"1024\" height=\"1024\" src=\"https:\/\/www.pranafilmes.com.br\/wp-content\/uploads\/2022\/01\/pinkcloud_still_3840x2160_006-1024x1024-1-1024x1024.jpg\" alt=\"\" class=\"wp-image-4479\" srcset=\"https:\/\/www.pranafilmes.com.br\/wp-content\/uploads\/2022\/01\/pinkcloud_still_3840x2160_006-1024x1024-1.jpg 1024w, https:\/\/www.pranafilmes.com.br\/wp-content\/uploads\/2022\/01\/pinkcloud_still_3840x2160_006-1024x1024-1-300x300.jpg 300w, https:\/\/www.pranafilmes.com.br\/wp-content\/uploads\/2022\/01\/pinkcloud_still_3840x2160_006-1024x1024-1-150x150.jpg 150w, https:\/\/www.pranafilmes.com.br\/wp-content\/uploads\/2022\/01\/pinkcloud_still_3840x2160_006-1024x1024-1-768x768.jpg 768w\" sizes=\"(max-width: 1024px) 100vw, 1024px\" \/><figcaption>Prana Filmes\/Divulga\u00e7\u00e3o<\/figcaption><\/figure>\n\n\n\n<p><strong>Qual \u00e9 a sensa\u00e7\u00e3o de ter produzido um filme que acabou se mostrando t\u00e3o<\/strong>&nbsp;<strong>antecipat\u00f3rio e representativo da realidade atual?<\/strong><\/p>\n\n\n\n<p>Foi surreal para mim e para a equipe. Nunca imagin\u00e1vamos que um filme com uma premissa de fic\u00e7\u00e3o cient\u00edfica, com uma nuvem rosa t\u00f3xica que deixa as pessoas em casa, iria acabar refletindo tanto a nossa realidade de 2020. Nas primeiras semanas de pandemia, toda a equipe me mandou mensagem dizendo que eu havia previsto o futuro e pedindo que o pr\u00f3ximo roteiro fosse mais positivo, caso se tornasse realidade tamb\u00e9m.<\/p>\n\n\n\n<p><strong>Qual \u00e9 a import\u00e2ncia de ter seu longa de estreia selecionado por um festival<\/strong>&nbsp;<strong>prestigiado como Sundance?<\/strong><\/p>\n\n\n\n<p>A not\u00edcia de Sundance foi incr\u00edvel. \u00c9 um festival t\u00e3o dif\u00edcil de entrar que eu nem estava com muita esperan\u00e7a para ele, ent\u00e3o fiquei em choque, superfeliz. Estou ansiosa para ver os outros filmes da programa\u00e7\u00e3o.<\/p>\n\n\n\n<p><strong><em>A Nuvem Rosa<\/em>&nbsp;ecoa t\u00edtulos como&nbsp;<em>A Bruma Assassina<\/em>&nbsp;(1980), de John<\/strong>&nbsp;<strong>Carpenter, e em particular&nbsp;<em>O \u00daltimo Suspiro<\/em>&nbsp;(2018), de Daniel Roby. Quais<\/strong>&nbsp;<strong>foram as refer\u00eancias \u2013 cinematogr\u00e1ficas ou n\u00e3o \u2013 para a cria\u00e7\u00e3o do roteiro do<\/strong>&nbsp;<strong>filme?<\/strong><\/p>\n\n\n\n<p>Duas refer\u00eancias importantes no desenvolvimento do roteiro foram&nbsp;<em>O Anjo Exterminador<\/em>, de Luis Bu\u00f1uel, em que os personagens tamb\u00e9m est\u00e3o presos e n\u00e3o \u00e9 explicado como ou por que, e a pe\u00e7a&nbsp;<em>Entre Quatro Paredes<\/em>, de Sartre, que mostra as ang\u00fastias de lidar com outras pessoas dentro de um confinamento.<\/p>\n\n\n\n<p><strong><em>A Nuvem Rosa&nbsp;<\/em>inclui elementos de fic\u00e7\u00e3o cient\u00edfica e de filme cat\u00e1strofe.<\/strong>&nbsp;<strong>Como esse toque de cinema de g\u00eanero se articula com os aspectos dram\u00e1ticos<\/strong>&nbsp;<strong>da hist\u00f3ria?<\/strong><\/p>\n\n\n\n<p>A ideia sempre foi, a partir dessa premissa de fic\u00e7\u00e3o cient\u00edfica, focar no drama dos personagens de maneira intimista. Depois que as regras da nuvem est\u00e3o estabelecidas, o filme se aprofunda no relacionamento deles e nas rea\u00e7\u00f5es opostas que eles desenvolvem quanto \u00e0 nuvem e \u00e0 falta de liberdade. Gosto de filmes de fic\u00e7\u00e3o cient\u00edfica mais focados em personagens e com menos a\u00e7\u00e3o, como por exemplo&nbsp;<em>Sob a Pele<\/em>, de Jonathan Glazer.<\/p>\n\n\n\n<p><strong>Al\u00e9m de abordar quest\u00f5es sociais e dram\u00e1ticas universais, o filme tamb\u00e9m<\/strong>&nbsp;<strong>coloca em discuss\u00e3o os pap\u00e9is impostos \u00e0s mulheres na sociedade, o<\/strong>&nbsp;<strong>machismo e a maternidade. Comente um pouco esses aspectos da hist\u00f3ria, por<\/strong>&nbsp;<strong>favor.<\/strong><\/p>\n\n\n\n<p>A protagonista, Giovana, n\u00e3o pretendia ficar com Yago por mais que uma noite, por\u00e9m a nuvem imp\u00f5e para ela uma esp\u00e9cie de casamento monog\u00e2mico for\u00e7ado. Enquanto Yago se adapta melhor \u00e0 nova vida de confinamento, Giovana sente-se presa, vivendo uma vida que n\u00e3o estava nos planos dela. A cor da nuvem, um rosa suave, faz ela parecer inofensiva, at\u00e9 sedutora, e \u00e9 uma cor tipicamente ligada a estere\u00f3tipos femininos. A ideia \u00e9 que essa cor que parece t\u00e3o delicada se mostrasse torturante para Giovana com o passar do tempo.<\/p>\n\n\n\n<p><strong>Um dos destaques de&nbsp;<em>A Nuvem Rosa<\/em>&nbsp;\u00e9 a atua\u00e7\u00e3o e conex\u00e3o entre o casal<\/strong>&nbsp;<strong>protagonista. Como foi a escolha e o trabalho de prepara\u00e7\u00e3o de Renata de<\/strong>&nbsp;<strong>L\u00e9lis e Eduardo Mendon\u00e7a?<\/strong><\/p>\n\n\n\n<p>Eu j\u00e1 havia trabalhado com os dois atores em curtas que dirigi, ent\u00e3o sabia que ambos eram muito talentosos. Eles tamb\u00e9m j\u00e1 se conheciam e eram amigos, o que ajudou para criar a qu\u00edmica entre eles. Ensaiamos muito antes da filmagem, pois al\u00e9m do filme ter cenas desafiadoras para os atores, t\u00ednhamos que desvendar juntos quais seriam os efeitos psicol\u00f3gicos da passagem do tempo. Eles se entregaram para o filme, e t\u00ednhamos uma confian\u00e7a m\u00fatua que acredito que resultou em performances \u00f3timas. Tenho muito orgulho deles quando assisto ao filme.<\/p>\n\n\n\n<p><strong>Mesmo que ainda haja muito a conquistar, as mulheres est\u00e3o cada vez mais<\/strong>&nbsp;<strong>presentes na ind\u00fastria audiovisual brasileira, destacando-se em fun\u00e7\u00f5es como<\/strong>&nbsp;<strong>dire\u00e7\u00e3o, roteiro e outras atividades t\u00e9cnicas. Voc\u00ea concorda com essa<\/strong>&nbsp;<strong>avalia\u00e7\u00e3o? Por qu\u00ea?<\/strong><\/p>\n\n\n\n<p>Sim. \u00c9 vis\u00edvel, comparando o mercado agora com o mercado de 20 anos atr\u00e1s, que antigamente as mulheres estavam bastante presentes na produ\u00e7\u00e3o, por\u00e9m eram poucas na dire\u00e7\u00e3o e roteiro. Esse n\u00famero vem crescendo visivelmente, e tor\u00e7o para que continue aumentando. O que alguns homens ainda precisam aprender \u00e9 parar de interromper as mulheres quando elas est\u00e3o falando nas reuni\u00f5es. \u00c0s vezes ainda sinto que alguns estranham trabalhar com uma mulher na dire\u00e7\u00e3o, mas espero que se acostumem e respeitem da mesma maneira que respeitam os homens.<\/p>\n\n\n\n<p><strong>Fonte:<\/strong> <a href=\"https:\/\/www.matinaljornalismo.com.br\/rogerlerina\/cinema\/iuli-gerbase-sundance-nuvem-rosa\/\" target=\"_blank\" rel=\"noreferrer noopener\">https:\/\/www.matinaljornalismo.com.br\/rogerlerina\/cinema\/iuli-gerbase-sundance-nuvem-rosa\/\u00a0<\/a><\/p>\n","protected":false},"excerpt":{"rendered":"<p>28 janeiro 2021&nbsp;por&nbsp;Roger Lerina Uma praga planet\u00e1ria surgida subitamente obriga a popula\u00e7\u00e3o a ficar em isolamento, provocando rea\u00e7\u00f5es como solid\u00e3o, depress\u00e3o e at\u00e9 nega\u00e7\u00e3o da realidade. Mas n\u00e3o se trata aqui da pandemia do novo coronav\u00edrus: a descri\u00e7\u00e3o pode servir de sinopse para&nbsp;A Nuvem Rosa, filme escrito em 2017 e rodado em 2019 \u2013 antes, [&hellip;]<\/p>\n","protected":false},"author":7,"featured_media":4474,"comment_status":"open","ping_status":"open","sticky":false,"template":"","format":"standard","meta":{"footnotes":""},"categories":[17],"tags":[],"yoast_head":"<!-- This site is optimized with the Yoast SEO plugin v21.8 - https:\/\/yoast.com\/wordpress\/plugins\/seo\/ -->\n<title>Iuli Gerbase exibe em Sundance o premonit\u00f3rio \u201cA Nuvem Rosa\u201d - Prana Filmes<\/title>\n<meta name=\"robots\" content=\"index, follow, max-snippet:-1, max-image-preview:large, max-video-preview:-1\" \/>\n<link rel=\"canonical\" href=\"https:\/\/www.pranafilmes.com.br\/iuli-gerbase-exibe-em-sundance-o-premonitorio-a-nuvem-rosa\/\" \/>\n<meta property=\"og:locale\" content=\"en_US\" \/>\n<meta property=\"og:type\" content=\"article\" \/>\n<meta property=\"og:title\" content=\"Iuli Gerbase exibe em Sundance o premonit\u00f3rio \u201cA Nuvem Rosa\u201d - Prana Filmes\" \/>\n<meta property=\"og:description\" content=\"28 janeiro 2021&nbsp;por&nbsp;Roger Lerina Uma praga planet\u00e1ria surgida subitamente obriga a popula\u00e7\u00e3o a ficar em isolamento, provocando rea\u00e7\u00f5es como solid\u00e3o, depress\u00e3o e at\u00e9 nega\u00e7\u00e3o da realidade. Mas n\u00e3o se trata aqui da pandemia do novo coronav\u00edrus: a descri\u00e7\u00e3o pode servir de sinopse para&nbsp;A Nuvem Rosa, filme escrito em 2017 e rodado em 2019 \u2013 antes, [&hellip;]\" \/>\n<meta property=\"og:url\" content=\"https:\/\/www.pranafilmes.com.br\/iuli-gerbase-exibe-em-sundance-o-premonitorio-a-nuvem-rosa\/\" \/>\n<meta property=\"og:site_name\" content=\"Prana Filmes\" \/>\n<meta property=\"article:published_time\" content=\"2022-01-03T15:30:46+00:00\" \/>\n<meta property=\"og:image\" content=\"https:\/\/www.pranafilmes.com.br\/wp-content\/uploads\/2022\/01\/a-nuvem-rosa-03-720x475-1.jpg\" \/>\n\t<meta property=\"og:image:width\" content=\"720\" \/>\n\t<meta property=\"og:image:height\" content=\"475\" \/>\n\t<meta property=\"og:image:type\" content=\"image\/jpeg\" \/>\n<meta name=\"author\" content=\"Patricia Barbieri\" \/>\n<meta name=\"twitter:card\" content=\"summary_large_image\" \/>\n<meta name=\"twitter:label1\" content=\"Written by\" \/>\n\t<meta name=\"twitter:data1\" content=\"Patricia Barbieri\" \/>\n\t<meta name=\"twitter:label2\" content=\"Est. reading time\" \/>\n\t<meta name=\"twitter:data2\" content=\"7 minutes\" \/>\n<script type=\"application\/ld+json\" class=\"yoast-schema-graph\">{\"@context\":\"https:\/\/schema.org\",\"@graph\":[{\"@type\":\"Article\",\"@id\":\"https:\/\/www.pranafilmes.com.br\/iuli-gerbase-exibe-em-sundance-o-premonitorio-a-nuvem-rosa\/#article\",\"isPartOf\":{\"@id\":\"https:\/\/www.pranafilmes.com.br\/iuli-gerbase-exibe-em-sundance-o-premonitorio-a-nuvem-rosa\/\"},\"author\":{\"name\":\"Patricia Barbieri\",\"@id\":\"https:\/\/www.pranafilmes.com.br\/#\/schema\/person\/0e4552fd74b2fe22d7f584dbd9d4f506\"},\"headline\":\"Iuli Gerbase exibe em Sundance o premonit\u00f3rio \u201cA Nuvem Rosa\u201d\",\"datePublished\":\"2022-01-03T15:30:46+00:00\",\"dateModified\":\"2022-01-03T15:30:46+00:00\",\"mainEntityOfPage\":{\"@id\":\"https:\/\/www.pranafilmes.com.br\/iuli-gerbase-exibe-em-sundance-o-premonitorio-a-nuvem-rosa\/\"},\"wordCount\":1447,\"commentCount\":0,\"publisher\":{\"@id\":\"https:\/\/www.pranafilmes.com.br\/#organization\"},\"inLanguage\":\"en-US\",\"potentialAction\":[{\"@type\":\"CommentAction\",\"name\":\"Comment\",\"target\":[\"https:\/\/www.pranafilmes.com.br\/iuli-gerbase-exibe-em-sundance-o-premonitorio-a-nuvem-rosa\/#respond\"]}]},{\"@type\":\"WebPage\",\"@id\":\"https:\/\/www.pranafilmes.com.br\/iuli-gerbase-exibe-em-sundance-o-premonitorio-a-nuvem-rosa\/\",\"url\":\"https:\/\/www.pranafilmes.com.br\/iuli-gerbase-exibe-em-sundance-o-premonitorio-a-nuvem-rosa\/\",\"name\":\"Iuli Gerbase exibe em Sundance o premonit\u00f3rio \u201cA Nuvem Rosa\u201d - Prana Filmes\",\"isPartOf\":{\"@id\":\"https:\/\/www.pranafilmes.com.br\/#website\"},\"datePublished\":\"2022-01-03T15:30:46+00:00\",\"dateModified\":\"2022-01-03T15:30:46+00:00\",\"breadcrumb\":{\"@id\":\"https:\/\/www.pranafilmes.com.br\/iuli-gerbase-exibe-em-sundance-o-premonitorio-a-nuvem-rosa\/#breadcrumb\"},\"inLanguage\":\"en-US\",\"potentialAction\":[{\"@type\":\"ReadAction\",\"target\":[\"https:\/\/www.pranafilmes.com.br\/iuli-gerbase-exibe-em-sundance-o-premonitorio-a-nuvem-rosa\/\"]}]},{\"@type\":\"BreadcrumbList\",\"@id\":\"https:\/\/www.pranafilmes.com.br\/iuli-gerbase-exibe-em-sundance-o-premonitorio-a-nuvem-rosa\/#breadcrumb\",\"itemListElement\":[{\"@type\":\"ListItem\",\"position\":1,\"name\":\"In\u00edcio\",\"item\":\"https:\/\/www.pranafilmes.com.br\/en\/\"},{\"@type\":\"ListItem\",\"position\":2,\"name\":\"Iuli Gerbase exibe em Sundance o premonit\u00f3rio \u201cA Nuvem Rosa\u201d\"}]},{\"@type\":\"WebSite\",\"@id\":\"https:\/\/www.pranafilmes.com.br\/#website\",\"url\":\"https:\/\/www.pranafilmes.com.br\/\",\"name\":\"Prana Filmes\",\"description\":\"A produtora de Luciana Tomasi e Carlos Gerbase\",\"publisher\":{\"@id\":\"https:\/\/www.pranafilmes.com.br\/#organization\"},\"potentialAction\":[{\"@type\":\"SearchAction\",\"target\":{\"@type\":\"EntryPoint\",\"urlTemplate\":\"https:\/\/www.pranafilmes.com.br\/?s={search_term_string}\"},\"query-input\":\"required name=search_term_string\"}],\"inLanguage\":\"en-US\"},{\"@type\":\"Organization\",\"@id\":\"https:\/\/www.pranafilmes.com.br\/#organization\",\"name\":\"Prana Filmes\",\"url\":\"https:\/\/www.pranafilmes.com.br\/\",\"logo\":{\"@type\":\"ImageObject\",\"inLanguage\":\"en-US\",\"@id\":\"https:\/\/www.pranafilmes.com.br\/#\/schema\/logo\/image\/\",\"url\":\"https:\/\/www.pranafilmes.com.br\/wp-content\/uploads\/2020\/11\/prana-logo.svg\",\"contentUrl\":\"https:\/\/www.pranafilmes.com.br\/wp-content\/uploads\/2020\/11\/prana-logo.svg\",\"width\":442,\"height\":633,\"caption\":\"Prana Filmes\"},\"image\":{\"@id\":\"https:\/\/www.pranafilmes.com.br\/#\/schema\/logo\/image\/\"}},{\"@type\":\"Person\",\"@id\":\"https:\/\/www.pranafilmes.com.br\/#\/schema\/person\/0e4552fd74b2fe22d7f584dbd9d4f506\",\"name\":\"Patricia Barbieri\",\"image\":{\"@type\":\"ImageObject\",\"inLanguage\":\"en-US\",\"@id\":\"https:\/\/www.pranafilmes.com.br\/#\/schema\/person\/image\/\",\"url\":\"https:\/\/secure.gravatar.com\/avatar\/e9742b23370e159a9cb098973c970041?s=96&d=mm&r=g\",\"contentUrl\":\"https:\/\/secure.gravatar.com\/avatar\/e9742b23370e159a9cb098973c970041?s=96&d=mm&r=g\",\"caption\":\"Patricia Barbieri\"},\"url\":\"https:\/\/www.pranafilmes.com.br\/en\/author\/patricia\/\"}]}<\/script>\n<!-- \/ Yoast SEO plugin. -->","yoast_head_json":{"title":"Iuli Gerbase exibe em Sundance o premonit\u00f3rio \u201cA Nuvem Rosa\u201d - Prana Filmes","robots":{"index":"index","follow":"follow","max-snippet":"max-snippet:-1","max-image-preview":"max-image-preview:large","max-video-preview":"max-video-preview:-1"},"canonical":"https:\/\/www.pranafilmes.com.br\/iuli-gerbase-exibe-em-sundance-o-premonitorio-a-nuvem-rosa\/","og_locale":"en_US","og_type":"article","og_title":"Iuli Gerbase exibe em Sundance o premonit\u00f3rio \u201cA Nuvem Rosa\u201d - Prana Filmes","og_description":"28 janeiro 2021&nbsp;por&nbsp;Roger Lerina Uma praga planet\u00e1ria surgida subitamente obriga a popula\u00e7\u00e3o a ficar em isolamento, provocando rea\u00e7\u00f5es como solid\u00e3o, depress\u00e3o e at\u00e9 nega\u00e7\u00e3o da realidade. Mas n\u00e3o se trata aqui da pandemia do novo coronav\u00edrus: a descri\u00e7\u00e3o pode servir de sinopse para&nbsp;A Nuvem Rosa, filme escrito em 2017 e rodado em 2019 \u2013 antes, [&hellip;]","og_url":"https:\/\/www.pranafilmes.com.br\/iuli-gerbase-exibe-em-sundance-o-premonitorio-a-nuvem-rosa\/","og_site_name":"Prana Filmes","article_published_time":"2022-01-03T15:30:46+00:00","og_image":[{"width":720,"height":475,"url":"https:\/\/www.pranafilmes.com.br\/wp-content\/uploads\/2022\/01\/a-nuvem-rosa-03-720x475-1.jpg","type":"image\/jpeg"}],"author":"Patricia Barbieri","twitter_card":"summary_large_image","twitter_misc":{"Written by":"Patricia Barbieri","Est. reading time":"7 minutes"},"schema":{"@context":"https:\/\/schema.org","@graph":[{"@type":"Article","@id":"https:\/\/www.pranafilmes.com.br\/iuli-gerbase-exibe-em-sundance-o-premonitorio-a-nuvem-rosa\/#article","isPartOf":{"@id":"https:\/\/www.pranafilmes.com.br\/iuli-gerbase-exibe-em-sundance-o-premonitorio-a-nuvem-rosa\/"},"author":{"name":"Patricia Barbieri","@id":"https:\/\/www.pranafilmes.com.br\/#\/schema\/person\/0e4552fd74b2fe22d7f584dbd9d4f506"},"headline":"Iuli Gerbase exibe em Sundance o premonit\u00f3rio \u201cA Nuvem Rosa\u201d","datePublished":"2022-01-03T15:30:46+00:00","dateModified":"2022-01-03T15:30:46+00:00","mainEntityOfPage":{"@id":"https:\/\/www.pranafilmes.com.br\/iuli-gerbase-exibe-em-sundance-o-premonitorio-a-nuvem-rosa\/"},"wordCount":1447,"commentCount":0,"publisher":{"@id":"https:\/\/www.pranafilmes.com.br\/#organization"},"inLanguage":"en-US","potentialAction":[{"@type":"CommentAction","name":"Comment","target":["https:\/\/www.pranafilmes.com.br\/iuli-gerbase-exibe-em-sundance-o-premonitorio-a-nuvem-rosa\/#respond"]}]},{"@type":"WebPage","@id":"https:\/\/www.pranafilmes.com.br\/iuli-gerbase-exibe-em-sundance-o-premonitorio-a-nuvem-rosa\/","url":"https:\/\/www.pranafilmes.com.br\/iuli-gerbase-exibe-em-sundance-o-premonitorio-a-nuvem-rosa\/","name":"Iuli Gerbase exibe em Sundance o premonit\u00f3rio \u201cA Nuvem Rosa\u201d - Prana Filmes","isPartOf":{"@id":"https:\/\/www.pranafilmes.com.br\/#website"},"datePublished":"2022-01-03T15:30:46+00:00","dateModified":"2022-01-03T15:30:46+00:00","breadcrumb":{"@id":"https:\/\/www.pranafilmes.com.br\/iuli-gerbase-exibe-em-sundance-o-premonitorio-a-nuvem-rosa\/#breadcrumb"},"inLanguage":"en-US","potentialAction":[{"@type":"ReadAction","target":["https:\/\/www.pranafilmes.com.br\/iuli-gerbase-exibe-em-sundance-o-premonitorio-a-nuvem-rosa\/"]}]},{"@type":"BreadcrumbList","@id":"https:\/\/www.pranafilmes.com.br\/iuli-gerbase-exibe-em-sundance-o-premonitorio-a-nuvem-rosa\/#breadcrumb","itemListElement":[{"@type":"ListItem","position":1,"name":"In\u00edcio","item":"https:\/\/www.pranafilmes.com.br\/en\/"},{"@type":"ListItem","position":2,"name":"Iuli Gerbase exibe em Sundance o premonit\u00f3rio \u201cA Nuvem Rosa\u201d"}]},{"@type":"WebSite","@id":"https:\/\/www.pranafilmes.com.br\/#website","url":"https:\/\/www.pranafilmes.com.br\/","name":"Prana Filmes","description":"A produtora de Luciana Tomasi e Carlos Gerbase","publisher":{"@id":"https:\/\/www.pranafilmes.com.br\/#organization"},"potentialAction":[{"@type":"SearchAction","target":{"@type":"EntryPoint","urlTemplate":"https:\/\/www.pranafilmes.com.br\/?s={search_term_string}"},"query-input":"required name=search_term_string"}],"inLanguage":"en-US"},{"@type":"Organization","@id":"https:\/\/www.pranafilmes.com.br\/#organization","name":"Prana Filmes","url":"https:\/\/www.pranafilmes.com.br\/","logo":{"@type":"ImageObject","inLanguage":"en-US","@id":"https:\/\/www.pranafilmes.com.br\/#\/schema\/logo\/image\/","url":"https:\/\/www.pranafilmes.com.br\/wp-content\/uploads\/2020\/11\/prana-logo.svg","contentUrl":"https:\/\/www.pranafilmes.com.br\/wp-content\/uploads\/2020\/11\/prana-logo.svg","width":442,"height":633,"caption":"Prana Filmes"},"image":{"@id":"https:\/\/www.pranafilmes.com.br\/#\/schema\/logo\/image\/"}},{"@type":"Person","@id":"https:\/\/www.pranafilmes.com.br\/#\/schema\/person\/0e4552fd74b2fe22d7f584dbd9d4f506","name":"Patricia Barbieri","image":{"@type":"ImageObject","inLanguage":"en-US","@id":"https:\/\/www.pranafilmes.com.br\/#\/schema\/person\/image\/","url":"https:\/\/secure.gravatar.com\/avatar\/e9742b23370e159a9cb098973c970041?s=96&d=mm&r=g","contentUrl":"https:\/\/secure.gravatar.com\/avatar\/e9742b23370e159a9cb098973c970041?s=96&d=mm&r=g","caption":"Patricia Barbieri"},"url":"https:\/\/www.pranafilmes.com.br\/en\/author\/patricia\/"}]}},"_links":{"self":[{"href":"https:\/\/www.pranafilmes.com.br\/en\/wp-json\/wp\/v2\/posts\/4484"}],"collection":[{"href":"https:\/\/www.pranafilmes.com.br\/en\/wp-json\/wp\/v2\/posts"}],"about":[{"href":"https:\/\/www.pranafilmes.com.br\/en\/wp-json\/wp\/v2\/types\/post"}],"author":[{"embeddable":true,"href":"https:\/\/www.pranafilmes.com.br\/en\/wp-json\/wp\/v2\/users\/7"}],"replies":[{"embeddable":true,"href":"https:\/\/www.pranafilmes.com.br\/en\/wp-json\/wp\/v2\/comments?post=4484"}],"version-history":[{"count":1,"href":"https:\/\/www.pranafilmes.com.br\/en\/wp-json\/wp\/v2\/posts\/4484\/revisions"}],"predecessor-version":[{"id":4486,"href":"https:\/\/www.pranafilmes.com.br\/en\/wp-json\/wp\/v2\/posts\/4484\/revisions\/4486"}],"wp:featuredmedia":[{"embeddable":true,"href":"https:\/\/www.pranafilmes.com.br\/en\/wp-json\/wp\/v2\/media\/4474"}],"wp:attachment":[{"href":"https:\/\/www.pranafilmes.com.br\/en\/wp-json\/wp\/v2\/media?parent=4484"}],"wp:term":[{"taxonomy":"category","embeddable":true,"href":"https:\/\/www.pranafilmes.com.br\/en\/wp-json\/wp\/v2\/categories?post=4484"},{"taxonomy":"post_tag","embeddable":true,"href":"https:\/\/www.pranafilmes.com.br\/en\/wp-json\/wp\/v2\/tags?post=4484"}],"curies":[{"name":"wp","href":"https:\/\/api.w.org\/{rel}","templated":true}]}}