{"id":4404,"date":"2021-10-19T10:50:38","date_gmt":"2021-10-19T13:50:38","guid":{"rendered":"https:\/\/pranafilmes.fuerzastudio.com\/?p=4404"},"modified":"2021-10-19T10:54:53","modified_gmt":"2021-10-19T13:54:53","slug":"https-gauchazh-clicrbs-com-br-cultura-e-lazer-tv-noticia-2021-10-lutas-sociais-drama-policial-e-mais-conheca-a-serie-que-esta-sendo-gravada-na-periferia-de-porto-alegre-ckuvpabmv002u017fh6y6wt6l-html","status":"publish","type":"post","link":"https:\/\/www.pranafilmes.com.br\/en\/https-gauchazh-clicrbs-com-br-cultura-e-lazer-tv-noticia-2021-10-lutas-sociais-drama-policial-e-mais-conheca-a-serie-que-esta-sendo-gravada-na-periferia-de-porto-alegre-ckuvpabmv002u017fh6y6wt6l-html\/","title":{"rendered":"Lutas sociais, drama policial e mais: conhe\u00e7a a s\u00e9rie que est\u00e1 sendo gravada na periferia de Porto Alegre"},"content":{"rendered":"\n<p>GZH visitou o set de filmagens de &#8220;Centro Liberdade&#8221; na vila S\u00e3o Judas Tadeu, no bairro Partenon<\/p>\n\n\n\n<p><strong>Por J\u00daLIO BOLL<\/strong> <br>Fotos: Marco Favero \/ Agencia RBS<br><span class=\"has-inline-color has-material-red-color\"><strong>A VILA COMO ELA \u00c9<\/strong><\/span> \/ NOT\u00cdCIA <br><em>Publicado 18, Out, 2021, 01h09min<\/em><\/p>\n\n\n\n<p class=\"has-text-align-left\">Seria mais um dia normal na vila S\u00e3o Judas Tadeu, no bairro<strong> Partenon<\/strong>, na Capital, n\u00e3o fosse uma movimenta\u00e7\u00e3o intensa na Rua L\u00edcio Cavalheiro. Na \u00faltima quinta-feira, carros, atores e uma grande grua de ilumina\u00e7\u00e3o tomavam o local para mais um dia de grava\u00e7\u00f5es da s\u00e9rie <em>Centro Liberdade<\/em>, com produ\u00e7\u00e3o da <strong>Prana Filmes.<\/strong> No centro da ilumina\u00e7\u00e3o t\u00e9cnica, um casal caminhava tenso pelo local, pensando no crime que norteia a trama.<br><br>Al\u00e9m do drama policial, o seriado com roteiro e dire\u00e7\u00e3o de <em>Bruno Carvalho<\/em>, <em>L\u00edvia Ruas<\/em> e <em>Cleverton Borges<\/em> fala sobre a realidade perif\u00e9rica de Porto Alegre. Em meio \u00e0 trama de Gabriela (<em>Kaya Rodrigues<\/em>), uma assistente social que come\u00e7a a trabalhar na vila ficcional, o espectador ter\u00e1 a chance de acompanhar a rotina dos moradores atrav\u00e9s de suas subtramas, como a trajet\u00f3ria de uma slamer (artista que participa de batalhas de poesia sobre contextos sociais).<br><br>\u2014 Contar as narrativas de pessoas que n\u00e3o s\u00e3o vistas, trazendo isso para dentro do audiovisual, \u00e9 um impacto gigantesco. A influ\u00eancia do tr\u00e1fico e o fato de fam\u00edlias de vilas serem mais matriarcais, como aconteceu comigo, est\u00e3o na s\u00e9rie de forma muito potente \u2013 acredita Borges, nascido e criado na vila <strong>Cruzeiro<\/strong>.<\/p>\n\n\n\n<p>Quando a reportagem de <strong>GZH<\/strong> esteve no local, testemunhou a preocupa\u00e7\u00e3o em trazer um fiel retrato da vida nas comunidades. Al\u00e9m de parte do elenco ter conex\u00e3o com trabalhos sociais, nos bastidores a representatividade falava alto: a equipe de figurinistas \u00e9 formada por negros e alguns dos t\u00e9cnicos, como Borges, cresceram em vilas.<br><br>Por isso, o ator <em>Rafael Sieg<\/em> viu em <em>Centro Liberdade<\/em> a chance de explorar o lado social, algo que sempre quis em sua carreira. Seu personagem, o l\u00edder comunit\u00e1rio Ricardo, acaba representando um burocrata que trabalha a favor do sistema econ\u00f4mico: uma imobili\u00e1ria pretende despejar parte da vila para construir uma grande avenida \u2014 e ele ir\u00e1 ajudar a retirar os moradores dali.<br><br>\u2014 \u00c9 muito bom estar em um projeto que tem esse olhar da comunidade como um suporte da economia. Claro que meu personagem \u00e9 a parte \u201ctorta\u201d desse processo, mas me interessa falar dos seres humanos que fazem parte disso \u2014 destaca Sieg, que gravou recentemente a segunda temporada de Chuteira Preta, com dire\u00e7\u00e3o de Paulo Nascimento.<br><br>No caso de Kaya Rodrigues, que vive a protagonista Gabriela, a quest\u00e3o social \u00e9 ainda mais forte. Em seu \u00faltimo trabalho, na s\u00e9rie <em>O Complexo<\/em>, ela interpretou uma l\u00edder comunit\u00e1ria sisuda e com forte ideal de vida. Em <em>Centro Liberdade<\/em>, sua personagem tamb\u00e9m se preocupa em transformar a realidade da vila liderando a luta contra o neg\u00f3cio que tenta acabar com a regi\u00e3o. Ao mesmo tempo, vai investigar a morte do l\u00edder anterior da comunidade, enquanto enfrenta dramas familiares, como o retorno do pai ex-presidi\u00e1rio que abusou dela na inf\u00e2ncia.<br><br>\u2014 Sempre fui muito inquieta e curiosa com a transforma\u00e7\u00e3o da sociedade, ent\u00e3o acho que n\u00e3o \u00e9 por acaso o que est\u00e1 acontecendo (risos). \u00c9 muito bom ter uma segunda chance de falar sobre o lugar de onde vim \u2014 pontua Kaya, que j\u00e1 deu aulas de teatro em projetos sociais e tamb\u00e9m integra a equipe do <em>Bloco da Laje<\/em>, um dos mais tradicionais agrupamentos carnavalescos de Porto Alegre.<br><br><strong>Refer\u00eancias<\/strong><br><br>Com 10 epis\u00f3dios, <em>Centro Liberdade<\/em> ser\u00e1 exibida em um canal p\u00fablico de TV ainda a ser definido, a partir de 2023, por ter sido contemplado pelo edital do Fundo Setorial do Audiovisual (FSA)\/BRDE de TVs p\u00fablicas em 2018.<br><br>Para a diretora, o seriado retrata \u201ca verdade\u201d de <em>Cidade de Deus,<\/em> de Fernando Meireles, em uma vis\u00e3o voltada ao solo ga\u00facho. Com poucas refer\u00eancias de hist\u00f3rias que se passam em vilas locais, a proposta foi filmar em tr\u00eas comunidades da Capital \u2014 que s\u00e3o aglutinadas em uma \u00fanica regi\u00e3o na fic\u00e7\u00e3o.<br><br>\u2014 Eles falam \u201ctu\u201d, bem ga\u00facho, e at\u00e9 a constru\u00e7\u00e3o de figurino foi feita junto das comunidades. A gente quis fazer algo de dentro para fora, n\u00e3o tinha por que fazer algo montado se temos tudo diante dos nossos olhos \u2014 explica Livia.<br>Cineastas como Spike Lee e Danny Boyle tamb\u00e9m acabaram sendo usados como refer\u00eancias.<br><br>\u2014 O Spike Lee brinca com o racismo e fala isso de forma veemente, escancara e explora da melhor maneira poss\u00edvel na cara do espectador. A gente quis se colocar diante deles e trazer algo diferente, e tem dado muito certo \u2014 garante Borges.<br><br><strong>Fonte: <\/strong><a href=\"https:\/\/gauchazh.clicrbs.com.br\/cultura-e-lazer\/tv\/noticia\/2021\/10\/lutas-sociais-drama-policial-e-mais-conheca-a-serie-que-esta-sendo-gravada-na-periferia-de-porto-alegre-ckuvpabmv002u017fh6y6wt6l.html\">https:\/\/gauchazh.clicrbs.com.br\/cultura-e-lazer\/tv\/noticia\/2021\/10\/lutas-sociais-drama-policial-e-mais-conheca-a-serie-que-esta-sendo-gravada-na-periferia-de-porto-alegre-ckuvpabmv002u017fh6y6wt6l.html<\/a><\/p>\n","protected":false},"excerpt":{"rendered":"<p>GZH visitou o set de filmagens de &#8220;Centro Liberdade&#8221; na vila S\u00e3o Judas Tadeu, no bairro Partenon Por J\u00daLIO BOLL Fotos: Marco Favero \/ Agencia RBSA VILA COMO ELA \u00c9 \/ NOT\u00cdCIA Publicado 18, Out, 2021, 01h09min Seria mais um dia normal na vila S\u00e3o Judas Tadeu, no bairro Partenon, na Capital, n\u00e3o fosse uma [&hellip;]<\/p>\n","protected":false},"author":7,"featured_media":4390,"comment_status":"open","ping_status":"open","sticky":false,"template":"","format":"standard","meta":{"footnotes":""},"categories":[175,176,177,178,179,180,181],"tags":[174],"yoast_head":"<!-- This site is optimized with the Yoast SEO plugin v21.8 - https:\/\/yoast.com\/wordpress\/plugins\/seo\/ -->\n<title>Lutas sociais, drama policial e mais: conhe\u00e7a a s\u00e9rie que est\u00e1 sendo gravada na periferia de Porto Alegre - Prana Filmes<\/title>\n<meta name=\"robots\" content=\"index, follow, max-snippet:-1, max-image-preview:large, max-video-preview:-1\" \/>\n<link rel=\"canonical\" href=\"https:\/\/www.pranafilmes.com.br\/https-gauchazh-clicrbs-com-br-cultura-e-lazer-tv-noticia-2021-10-lutas-sociais-drama-policial-e-mais-conheca-a-serie-que-esta-sendo-gravada-na-periferia-de-porto-alegre-ckuvpabmv002u017fh6y6wt6l-html\/\" \/>\n<meta property=\"og:locale\" content=\"en_US\" \/>\n<meta property=\"og:type\" content=\"article\" \/>\n<meta property=\"og:title\" content=\"Lutas sociais, drama policial e mais: conhe\u00e7a a s\u00e9rie que est\u00e1 sendo gravada na periferia de Porto Alegre - Prana Filmes\" \/>\n<meta property=\"og:description\" content=\"GZH visitou o set de filmagens de &#8220;Centro Liberdade&#8221; na vila S\u00e3o Judas Tadeu, no bairro Partenon Por J\u00daLIO BOLL Fotos: Marco Favero \/ Agencia RBSA VILA COMO ELA \u00c9 \/ NOT\u00cdCIA Publicado 18, Out, 2021, 01h09min Seria mais um dia normal na vila S\u00e3o Judas Tadeu, no bairro Partenon, na Capital, n\u00e3o fosse uma [&hellip;]\" \/>\n<meta property=\"og:url\" content=\"https:\/\/www.pranafilmes.com.br\/https-gauchazh-clicrbs-com-br-cultura-e-lazer-tv-noticia-2021-10-lutas-sociais-drama-policial-e-mais-conheca-a-serie-que-esta-sendo-gravada-na-periferia-de-porto-alegre-ckuvpabmv002u017fh6y6wt6l-html\/\" \/>\n<meta property=\"og:site_name\" content=\"Prana Filmes\" \/>\n<meta property=\"article:published_time\" content=\"2021-10-19T13:50:38+00:00\" \/>\n<meta property=\"article:modified_time\" content=\"2021-10-19T13:54:53+00:00\" \/>\n<meta property=\"og:image\" content=\"https:\/\/www.pranafilmes.com.br\/wp-content\/uploads\/2021\/10\/35580759-1.jpg\" \/>\n\t<meta property=\"og:image:width\" content=\"1024\" \/>\n\t<meta property=\"og:image:height\" content=\"682\" \/>\n\t<meta property=\"og:image:type\" content=\"image\/jpeg\" \/>\n<meta name=\"author\" content=\"Patricia Barbieri\" \/>\n<meta name=\"twitter:card\" content=\"summary_large_image\" \/>\n<meta name=\"twitter:label1\" content=\"Written by\" \/>\n\t<meta name=\"twitter:data1\" content=\"Patricia Barbieri\" \/>\n\t<meta name=\"twitter:label2\" content=\"Est. reading time\" \/>\n\t<meta name=\"twitter:data2\" content=\"4 minutes\" \/>\n<script type=\"application\/ld+json\" class=\"yoast-schema-graph\">{\"@context\":\"https:\/\/schema.org\",\"@graph\":[{\"@type\":\"Article\",\"@id\":\"https:\/\/www.pranafilmes.com.br\/https-gauchazh-clicrbs-com-br-cultura-e-lazer-tv-noticia-2021-10-lutas-sociais-drama-policial-e-mais-conheca-a-serie-que-esta-sendo-gravada-na-periferia-de-porto-alegre-ckuvpabmv002u017fh6y6wt6l-html\/#article\",\"isPartOf\":{\"@id\":\"https:\/\/www.pranafilmes.com.br\/https-gauchazh-clicrbs-com-br-cultura-e-lazer-tv-noticia-2021-10-lutas-sociais-drama-policial-e-mais-conheca-a-serie-que-esta-sendo-gravada-na-periferia-de-porto-alegre-ckuvpabmv002u017fh6y6wt6l-html\/\"},\"author\":{\"name\":\"Patricia Barbieri\",\"@id\":\"https:\/\/www.pranafilmes.com.br\/#\/schema\/person\/0e4552fd74b2fe22d7f584dbd9d4f506\"},\"headline\":\"Lutas sociais, drama policial e mais: conhe\u00e7a a s\u00e9rie que est\u00e1 sendo gravada na periferia de Porto Alegre\",\"datePublished\":\"2021-10-19T13:50:38+00:00\",\"dateModified\":\"2021-10-19T13:54:53+00:00\",\"mainEntityOfPage\":{\"@id\":\"https:\/\/www.pranafilmes.com.br\/https-gauchazh-clicrbs-com-br-cultura-e-lazer-tv-noticia-2021-10-lutas-sociais-drama-policial-e-mais-conheca-a-serie-que-esta-sendo-gravada-na-periferia-de-porto-alegre-ckuvpabmv002u017fh6y6wt6l-html\/\"},\"wordCount\":838,\"commentCount\":0,\"publisher\":{\"@id\":\"https:\/\/www.pranafilmes.com.br\/#organization\"},\"keywords\":[\"centroliberdade\"],\"articleSection\":[\"audiovisual\",\"brasil\",\"Cinema\",\"cinema brasileiro\",\"Fic\u00e7\u00e3o\",\"Porto Alegre\",\"Televis\u00e3o\"],\"inLanguage\":\"en-US\",\"potentialAction\":[{\"@type\":\"CommentAction\",\"name\":\"Comment\",\"target\":[\"https:\/\/www.pranafilmes.com.br\/https-gauchazh-clicrbs-com-br-cultura-e-lazer-tv-noticia-2021-10-lutas-sociais-drama-policial-e-mais-conheca-a-serie-que-esta-sendo-gravada-na-periferia-de-porto-alegre-ckuvpabmv002u017fh6y6wt6l-html\/#respond\"]}]},{\"@type\":\"WebPage\",\"@id\":\"https:\/\/www.pranafilmes.com.br\/https-gauchazh-clicrbs-com-br-cultura-e-lazer-tv-noticia-2021-10-lutas-sociais-drama-policial-e-mais-conheca-a-serie-que-esta-sendo-gravada-na-periferia-de-porto-alegre-ckuvpabmv002u017fh6y6wt6l-html\/\",\"url\":\"https:\/\/www.pranafilmes.com.br\/https-gauchazh-clicrbs-com-br-cultura-e-lazer-tv-noticia-2021-10-lutas-sociais-drama-policial-e-mais-conheca-a-serie-que-esta-sendo-gravada-na-periferia-de-porto-alegre-ckuvpabmv002u017fh6y6wt6l-html\/\",\"name\":\"Lutas sociais, drama policial e mais: conhe\u00e7a a s\u00e9rie que est\u00e1 sendo gravada na periferia de Porto Alegre - Prana Filmes\",\"isPartOf\":{\"@id\":\"https:\/\/www.pranafilmes.com.br\/#website\"},\"datePublished\":\"2021-10-19T13:50:38+00:00\",\"dateModified\":\"2021-10-19T13:54:53+00:00\",\"breadcrumb\":{\"@id\":\"https:\/\/www.pranafilmes.com.br\/https-gauchazh-clicrbs-com-br-cultura-e-lazer-tv-noticia-2021-10-lutas-sociais-drama-policial-e-mais-conheca-a-serie-que-esta-sendo-gravada-na-periferia-de-porto-alegre-ckuvpabmv002u017fh6y6wt6l-html\/#breadcrumb\"},\"inLanguage\":\"en-US\",\"potentialAction\":[{\"@type\":\"ReadAction\",\"target\":[\"https:\/\/www.pranafilmes.com.br\/https-gauchazh-clicrbs-com-br-cultura-e-lazer-tv-noticia-2021-10-lutas-sociais-drama-policial-e-mais-conheca-a-serie-que-esta-sendo-gravada-na-periferia-de-porto-alegre-ckuvpabmv002u017fh6y6wt6l-html\/\"]}]},{\"@type\":\"BreadcrumbList\",\"@id\":\"https:\/\/www.pranafilmes.com.br\/https-gauchazh-clicrbs-com-br-cultura-e-lazer-tv-noticia-2021-10-lutas-sociais-drama-policial-e-mais-conheca-a-serie-que-esta-sendo-gravada-na-periferia-de-porto-alegre-ckuvpabmv002u017fh6y6wt6l-html\/#breadcrumb\",\"itemListElement\":[{\"@type\":\"ListItem\",\"position\":1,\"name\":\"In\u00edcio\",\"item\":\"https:\/\/www.pranafilmes.com.br\/en\/\"},{\"@type\":\"ListItem\",\"position\":2,\"name\":\"Lutas sociais, drama policial e mais: conhe\u00e7a a s\u00e9rie que est\u00e1 sendo gravada na periferia de Porto Alegre\"}]},{\"@type\":\"WebSite\",\"@id\":\"https:\/\/www.pranafilmes.com.br\/#website\",\"url\":\"https:\/\/www.pranafilmes.com.br\/\",\"name\":\"Prana Filmes\",\"description\":\"A produtora de Luciana Tomasi e Carlos Gerbase\",\"publisher\":{\"@id\":\"https:\/\/www.pranafilmes.com.br\/#organization\"},\"potentialAction\":[{\"@type\":\"SearchAction\",\"target\":{\"@type\":\"EntryPoint\",\"urlTemplate\":\"https:\/\/www.pranafilmes.com.br\/?s={search_term_string}\"},\"query-input\":\"required name=search_term_string\"}],\"inLanguage\":\"en-US\"},{\"@type\":\"Organization\",\"@id\":\"https:\/\/www.pranafilmes.com.br\/#organization\",\"name\":\"Prana Filmes\",\"url\":\"https:\/\/www.pranafilmes.com.br\/\",\"logo\":{\"@type\":\"ImageObject\",\"inLanguage\":\"en-US\",\"@id\":\"https:\/\/www.pranafilmes.com.br\/#\/schema\/logo\/image\/\",\"url\":\"https:\/\/www.pranafilmes.com.br\/wp-content\/uploads\/2020\/11\/prana-logo.svg\",\"contentUrl\":\"https:\/\/www.pranafilmes.com.br\/wp-content\/uploads\/2020\/11\/prana-logo.svg\",\"width\":442,\"height\":633,\"caption\":\"Prana Filmes\"},\"image\":{\"@id\":\"https:\/\/www.pranafilmes.com.br\/#\/schema\/logo\/image\/\"}},{\"@type\":\"Person\",\"@id\":\"https:\/\/www.pranafilmes.com.br\/#\/schema\/person\/0e4552fd74b2fe22d7f584dbd9d4f506\",\"name\":\"Patricia Barbieri\",\"image\":{\"@type\":\"ImageObject\",\"inLanguage\":\"en-US\",\"@id\":\"https:\/\/www.pranafilmes.com.br\/#\/schema\/person\/image\/\",\"url\":\"https:\/\/secure.gravatar.com\/avatar\/e9742b23370e159a9cb098973c970041?s=96&d=mm&r=g\",\"contentUrl\":\"https:\/\/secure.gravatar.com\/avatar\/e9742b23370e159a9cb098973c970041?s=96&d=mm&r=g\",\"caption\":\"Patricia Barbieri\"},\"url\":\"https:\/\/www.pranafilmes.com.br\/en\/author\/patricia\/\"}]}<\/script>\n<!-- \/ Yoast SEO plugin. -->","yoast_head_json":{"title":"Lutas sociais, drama policial e mais: conhe\u00e7a a s\u00e9rie que est\u00e1 sendo gravada na periferia de Porto Alegre - Prana Filmes","robots":{"index":"index","follow":"follow","max-snippet":"max-snippet:-1","max-image-preview":"max-image-preview:large","max-video-preview":"max-video-preview:-1"},"canonical":"https:\/\/www.pranafilmes.com.br\/https-gauchazh-clicrbs-com-br-cultura-e-lazer-tv-noticia-2021-10-lutas-sociais-drama-policial-e-mais-conheca-a-serie-que-esta-sendo-gravada-na-periferia-de-porto-alegre-ckuvpabmv002u017fh6y6wt6l-html\/","og_locale":"en_US","og_type":"article","og_title":"Lutas sociais, drama policial e mais: conhe\u00e7a a s\u00e9rie que est\u00e1 sendo gravada na periferia de Porto Alegre - Prana Filmes","og_description":"GZH visitou o set de filmagens de &#8220;Centro Liberdade&#8221; na vila S\u00e3o Judas Tadeu, no bairro Partenon Por J\u00daLIO BOLL Fotos: Marco Favero \/ Agencia RBSA VILA COMO ELA \u00c9 \/ NOT\u00cdCIA Publicado 18, Out, 2021, 01h09min Seria mais um dia normal na vila S\u00e3o Judas Tadeu, no bairro Partenon, na Capital, n\u00e3o fosse uma [&hellip;]","og_url":"https:\/\/www.pranafilmes.com.br\/https-gauchazh-clicrbs-com-br-cultura-e-lazer-tv-noticia-2021-10-lutas-sociais-drama-policial-e-mais-conheca-a-serie-que-esta-sendo-gravada-na-periferia-de-porto-alegre-ckuvpabmv002u017fh6y6wt6l-html\/","og_site_name":"Prana Filmes","article_published_time":"2021-10-19T13:50:38+00:00","article_modified_time":"2021-10-19T13:54:53+00:00","og_image":[{"width":1024,"height":682,"url":"https:\/\/www.pranafilmes.com.br\/wp-content\/uploads\/2021\/10\/35580759-1.jpg","type":"image\/jpeg"}],"author":"Patricia Barbieri","twitter_card":"summary_large_image","twitter_misc":{"Written by":"Patricia Barbieri","Est. reading time":"4 minutes"},"schema":{"@context":"https:\/\/schema.org","@graph":[{"@type":"Article","@id":"https:\/\/www.pranafilmes.com.br\/https-gauchazh-clicrbs-com-br-cultura-e-lazer-tv-noticia-2021-10-lutas-sociais-drama-policial-e-mais-conheca-a-serie-que-esta-sendo-gravada-na-periferia-de-porto-alegre-ckuvpabmv002u017fh6y6wt6l-html\/#article","isPartOf":{"@id":"https:\/\/www.pranafilmes.com.br\/https-gauchazh-clicrbs-com-br-cultura-e-lazer-tv-noticia-2021-10-lutas-sociais-drama-policial-e-mais-conheca-a-serie-que-esta-sendo-gravada-na-periferia-de-porto-alegre-ckuvpabmv002u017fh6y6wt6l-html\/"},"author":{"name":"Patricia Barbieri","@id":"https:\/\/www.pranafilmes.com.br\/#\/schema\/person\/0e4552fd74b2fe22d7f584dbd9d4f506"},"headline":"Lutas sociais, drama policial e mais: conhe\u00e7a a s\u00e9rie que est\u00e1 sendo gravada na periferia de Porto Alegre","datePublished":"2021-10-19T13:50:38+00:00","dateModified":"2021-10-19T13:54:53+00:00","mainEntityOfPage":{"@id":"https:\/\/www.pranafilmes.com.br\/https-gauchazh-clicrbs-com-br-cultura-e-lazer-tv-noticia-2021-10-lutas-sociais-drama-policial-e-mais-conheca-a-serie-que-esta-sendo-gravada-na-periferia-de-porto-alegre-ckuvpabmv002u017fh6y6wt6l-html\/"},"wordCount":838,"commentCount":0,"publisher":{"@id":"https:\/\/www.pranafilmes.com.br\/#organization"},"keywords":["centroliberdade"],"articleSection":["audiovisual","brasil","Cinema","cinema brasileiro","Fic\u00e7\u00e3o","Porto Alegre","Televis\u00e3o"],"inLanguage":"en-US","potentialAction":[{"@type":"CommentAction","name":"Comment","target":["https:\/\/www.pranafilmes.com.br\/https-gauchazh-clicrbs-com-br-cultura-e-lazer-tv-noticia-2021-10-lutas-sociais-drama-policial-e-mais-conheca-a-serie-que-esta-sendo-gravada-na-periferia-de-porto-alegre-ckuvpabmv002u017fh6y6wt6l-html\/#respond"]}]},{"@type":"WebPage","@id":"https:\/\/www.pranafilmes.com.br\/https-gauchazh-clicrbs-com-br-cultura-e-lazer-tv-noticia-2021-10-lutas-sociais-drama-policial-e-mais-conheca-a-serie-que-esta-sendo-gravada-na-periferia-de-porto-alegre-ckuvpabmv002u017fh6y6wt6l-html\/","url":"https:\/\/www.pranafilmes.com.br\/https-gauchazh-clicrbs-com-br-cultura-e-lazer-tv-noticia-2021-10-lutas-sociais-drama-policial-e-mais-conheca-a-serie-que-esta-sendo-gravada-na-periferia-de-porto-alegre-ckuvpabmv002u017fh6y6wt6l-html\/","name":"Lutas sociais, drama policial e mais: conhe\u00e7a a s\u00e9rie que est\u00e1 sendo gravada na periferia de Porto Alegre - Prana Filmes","isPartOf":{"@id":"https:\/\/www.pranafilmes.com.br\/#website"},"datePublished":"2021-10-19T13:50:38+00:00","dateModified":"2021-10-19T13:54:53+00:00","breadcrumb":{"@id":"https:\/\/www.pranafilmes.com.br\/https-gauchazh-clicrbs-com-br-cultura-e-lazer-tv-noticia-2021-10-lutas-sociais-drama-policial-e-mais-conheca-a-serie-que-esta-sendo-gravada-na-periferia-de-porto-alegre-ckuvpabmv002u017fh6y6wt6l-html\/#breadcrumb"},"inLanguage":"en-US","potentialAction":[{"@type":"ReadAction","target":["https:\/\/www.pranafilmes.com.br\/https-gauchazh-clicrbs-com-br-cultura-e-lazer-tv-noticia-2021-10-lutas-sociais-drama-policial-e-mais-conheca-a-serie-que-esta-sendo-gravada-na-periferia-de-porto-alegre-ckuvpabmv002u017fh6y6wt6l-html\/"]}]},{"@type":"BreadcrumbList","@id":"https:\/\/www.pranafilmes.com.br\/https-gauchazh-clicrbs-com-br-cultura-e-lazer-tv-noticia-2021-10-lutas-sociais-drama-policial-e-mais-conheca-a-serie-que-esta-sendo-gravada-na-periferia-de-porto-alegre-ckuvpabmv002u017fh6y6wt6l-html\/#breadcrumb","itemListElement":[{"@type":"ListItem","position":1,"name":"In\u00edcio","item":"https:\/\/www.pranafilmes.com.br\/en\/"},{"@type":"ListItem","position":2,"name":"Lutas sociais, drama policial e mais: conhe\u00e7a a s\u00e9rie que est\u00e1 sendo gravada na periferia de Porto Alegre"}]},{"@type":"WebSite","@id":"https:\/\/www.pranafilmes.com.br\/#website","url":"https:\/\/www.pranafilmes.com.br\/","name":"Prana Filmes","description":"A produtora de Luciana Tomasi e Carlos Gerbase","publisher":{"@id":"https:\/\/www.pranafilmes.com.br\/#organization"},"potentialAction":[{"@type":"SearchAction","target":{"@type":"EntryPoint","urlTemplate":"https:\/\/www.pranafilmes.com.br\/?s={search_term_string}"},"query-input":"required name=search_term_string"}],"inLanguage":"en-US"},{"@type":"Organization","@id":"https:\/\/www.pranafilmes.com.br\/#organization","name":"Prana Filmes","url":"https:\/\/www.pranafilmes.com.br\/","logo":{"@type":"ImageObject","inLanguage":"en-US","@id":"https:\/\/www.pranafilmes.com.br\/#\/schema\/logo\/image\/","url":"https:\/\/www.pranafilmes.com.br\/wp-content\/uploads\/2020\/11\/prana-logo.svg","contentUrl":"https:\/\/www.pranafilmes.com.br\/wp-content\/uploads\/2020\/11\/prana-logo.svg","width":442,"height":633,"caption":"Prana Filmes"},"image":{"@id":"https:\/\/www.pranafilmes.com.br\/#\/schema\/logo\/image\/"}},{"@type":"Person","@id":"https:\/\/www.pranafilmes.com.br\/#\/schema\/person\/0e4552fd74b2fe22d7f584dbd9d4f506","name":"Patricia Barbieri","image":{"@type":"ImageObject","inLanguage":"en-US","@id":"https:\/\/www.pranafilmes.com.br\/#\/schema\/person\/image\/","url":"https:\/\/secure.gravatar.com\/avatar\/e9742b23370e159a9cb098973c970041?s=96&d=mm&r=g","contentUrl":"https:\/\/secure.gravatar.com\/avatar\/e9742b23370e159a9cb098973c970041?s=96&d=mm&r=g","caption":"Patricia Barbieri"},"url":"https:\/\/www.pranafilmes.com.br\/en\/author\/patricia\/"}]}},"_links":{"self":[{"href":"https:\/\/www.pranafilmes.com.br\/en\/wp-json\/wp\/v2\/posts\/4404"}],"collection":[{"href":"https:\/\/www.pranafilmes.com.br\/en\/wp-json\/wp\/v2\/posts"}],"about":[{"href":"https:\/\/www.pranafilmes.com.br\/en\/wp-json\/wp\/v2\/types\/post"}],"author":[{"embeddable":true,"href":"https:\/\/www.pranafilmes.com.br\/en\/wp-json\/wp\/v2\/users\/7"}],"replies":[{"embeddable":true,"href":"https:\/\/www.pranafilmes.com.br\/en\/wp-json\/wp\/v2\/comments?post=4404"}],"version-history":[{"count":3,"href":"https:\/\/www.pranafilmes.com.br\/en\/wp-json\/wp\/v2\/posts\/4404\/revisions"}],"predecessor-version":[{"id":4410,"href":"https:\/\/www.pranafilmes.com.br\/en\/wp-json\/wp\/v2\/posts\/4404\/revisions\/4410"}],"wp:featuredmedia":[{"embeddable":true,"href":"https:\/\/www.pranafilmes.com.br\/en\/wp-json\/wp\/v2\/media\/4390"}],"wp:attachment":[{"href":"https:\/\/www.pranafilmes.com.br\/en\/wp-json\/wp\/v2\/media?parent=4404"}],"wp:term":[{"taxonomy":"category","embeddable":true,"href":"https:\/\/www.pranafilmes.com.br\/en\/wp-json\/wp\/v2\/categories?post=4404"},{"taxonomy":"post_tag","embeddable":true,"href":"https:\/\/www.pranafilmes.com.br\/en\/wp-json\/wp\/v2\/tags?post=4404"}],"curies":[{"name":"wp","href":"https:\/\/api.w.org\/{rel}","templated":true}]}}