{"id":4092,"date":"2021-03-05T17:59:35","date_gmt":"2021-03-05T20:59:35","guid":{"rendered":"https:\/\/pranafilmes.fuerzastudio.com\/a-nuvem-rosa\/"},"modified":"2021-03-05T18:00:45","modified_gmt":"2021-03-05T21:00:45","slug":"a-nuvem-rosa","status":"publish","type":"post","link":"https:\/\/www.pranafilmes.com.br\/en\/a-nuvem-rosa\/","title":{"rendered":"A nuvem rosa"},"content":{"rendered":"\n<p>Filme da ga\u00facha Iuli Gerbase &#8220;previu&#8221; a pandemia, estreou com 100% de aprova\u00e7\u00e3o no Rotten Tomatoes e conquistou lugar no Festival de Sundance 2021<\/p>\n\n\n\n<p>N\u00e3o \u00e9 de hoje que a fic\u00e7\u00e3o cient\u00edfica, em suas variadas manifesta\u00e7\u00f5es, trabalha e brinca com a desconhecida resposta para uma pergunta que caminha paralela a humanidade:  <strong>e se a ra\u00e7a humana se visse \u00e0 beira da extin\u00e7\u00e3o, o que far\u00edamos?<\/strong> A cineasta ga\u00facha <strong>Iuli Gerbase<\/strong>, l\u00e1 em 2017, pensou, como premissa para seu primeiro longa, <strong>A Nuvem Rosa<\/strong>, abordar o que aconteceria se uma nuvem t\u00f3xica colocasse toda a humanidade em quarentena, obrigando as pessoas a ficarem presas por d\u00e9cadas no primeiro ambiente fechado pr\u00f3ximo a elas. Em 2017, uma amea\u00e7a que for\u00e7ava tal confinamento brusco era apenas um exemplo fict\u00edcio de uma boa distopia. Em 2020, ela se tornou uma premoni\u00e7\u00e3o.<\/p>\n\n\n\n<p>No filme, produzido pela Prana Filmes e distribu\u00eddo pela O2 Play Filmes, acompanhamos Giovana (Renata de L\u00e9lis), que est\u00e1 presa em um apartamento com Yago (Eduardo Mendon\u00e7a), um cara que havia rec\u00e9m conhecido em uma festa. Enquanto esperam a nuvem passar, eles precisam viver como um casal. Ao longo dos anos, Yago vive sua pr\u00f3pria utopia, enquanto Giovana sente-se cada vez mais aprisionada.<\/p>\n\n\n\n<figure class=\"wp-block-embed-youtube wp-block-embed is-type-video is-provider-youtube wp-embed-aspect-16-9 wp-has-aspect-ratio\"><div class=\"wp-block-embed__wrapper\">\n<iframe loading=\"lazy\" title=\"A Nuvem Rosa - Festival Sundance 2021 (Trailer Oficial)\" width=\"1080\" height=\"608\" src=\"https:\/\/www.youtube.com\/embed\/dYiFShN8QMs?feature=oembed\" frameborder=\"0\" allow=\"accelerometer; autoplay; clipboard-write; encrypted-media; gyroscope; picture-in-picture\" allowfullscreen><\/iframe>\n<\/div><\/figure>\n\n\n\n<p>Muito al\u00e9m de ser apenas um filme que previu a pandemia, A Nuvem Rosa discute, de forma sutil e feroz, a retirada do direito \u00e0 escolha (seja ela qual for) que a sociedade faz com as mulheres. O longa, que estreou no Festival de Sundance 2021, um dos maiores e mais respeitados festivais de cinema do mundo, n\u00e3o foi apenas um sucesso nos jornais americanos, mas tamb\u00e9m alcan\u00e7ou a valiosa marca de 100% de aprova\u00e7\u00e3o pelo Rotten Tomatoes, portal que re\u00fane e faz a m\u00e9dia das cr\u00edticas.<\/p>\n\n\n\n<p>Iuli, que acabou de ser indicada ao pr\u00eamio \u201cJordan Ressler First Feature Award\u201d no Miami Film Festival, conversou com a gente sobre seus processos criativos, desafios na produ\u00e7\u00e3o, inspira\u00e7\u00f5es e sobre seus processos criativos, desafios na produ\u00e7\u00e3o, inspira\u00e7\u00f5es e sobre a representatividade das mulheres na \u00e1rea do cinema e o descaso com as produ\u00e7\u00f5es nacionais.<\/p>\n\n\n\n<div class=\"wp-block-image\"><figure class=\"aligncenter size-large\"><img loading=\"lazy\" decoding=\"async\" width=\"1024\" height=\"576\" src=\"https:\/\/www.pranafilmes.com.br\/wp-content\/uploads\/2021\/03\/Elastica1-1024x576.jpg\" alt=\"\" class=\"wp-image-4069\" srcset=\"https:\/\/www.pranafilmes.com.br\/wp-content\/uploads\/2021\/03\/Elastica1-1024x576.jpg 1024w, https:\/\/www.pranafilmes.com.br\/wp-content\/uploads\/2021\/03\/Elastica1-300x169.jpg 300w, https:\/\/www.pranafilmes.com.br\/wp-content\/uploads\/2021\/03\/Elastica1-768x432.jpg 768w, https:\/\/www.pranafilmes.com.br\/wp-content\/uploads\/2021\/03\/Elastica1-1536x864.jpg 1536w, https:\/\/www.pranafilmes.com.br\/wp-content\/uploads\/2021\/03\/Elastica1-2048x1152.jpg 2048w\" sizes=\"(max-width: 1024px) 100vw, 1024px\" \/><figcaption>Nuvem Rosa\/Prana Filmes\/Divulga\u00e7\u00e3o<\/figcaption><\/figure><\/div>\n\n\n\n<p><strong>Ap\u00f3s sua exibi\u00e7\u00e3o no Festival de Sundance 2021, o filme foi ovacionado pela cr\u00edtica americana, tendo uma enorme repercuss\u00e3o na m\u00eddia nos Estados Unidos e alcan\u00e7ando 100% de aprova\u00e7\u00e3o no Rotten Tomatoes. Voc\u00ea esperava toda essa resposta?<\/strong><\/p>\n\n\n\n<p>Eu sempre espero que algu\u00e9m v\u00e1 gostar e que algu\u00e9m n\u00e3o goste, mas a cr\u00edtica que veio dos Estados Unidos foi t\u00e3o positiva que fiquei chocada. Foi \u00f3timo para a equipe, porque fala sobre muitos aspectos do filme, ent\u00e3o eu mandava assim \u201cOlha falaram de ti, falaram de ti\u201d, e todos ficaram bem felizes.<\/p>\n\n\n\n<div class=\"wp-block-image\"><figure class=\"aligncenter size-large\"><img loading=\"lazy\" decoding=\"async\" width=\"732\" height=\"1024\" src=\"https:\/\/www.pranafilmes.com.br\/wp-content\/uploads\/2021\/03\/ANR_Poster_Nacional_3000-1-732x1024.jpg\" alt=\"\" class=\"wp-image-4071\" srcset=\"https:\/\/www.pranafilmes.com.br\/wp-content\/uploads\/2021\/03\/ANR_Poster_Nacional_3000-1-732x1024.jpg 732w, https:\/\/www.pranafilmes.com.br\/wp-content\/uploads\/2021\/03\/ANR_Poster_Nacional_3000-1-215x300.jpg 215w, https:\/\/www.pranafilmes.com.br\/wp-content\/uploads\/2021\/03\/ANR_Poster_Nacional_3000-1-768x1074.jpg 768w, https:\/\/www.pranafilmes.com.br\/wp-content\/uploads\/2021\/03\/ANR_Poster_Nacional_3000-1-1098x1536.jpg 1098w, https:\/\/www.pranafilmes.com.br\/wp-content\/uploads\/2021\/03\/ANR_Poster_Nacional_3000-1-1464x2048.jpg 1464w, https:\/\/www.pranafilmes.com.br\/wp-content\/uploads\/2021\/03\/ANR_Poster_Nacional_3000-1-scaled.jpg 1830w\" sizes=\"(max-width: 732px) 100vw, 732px\" \/><figcaption>Nuvem Rosa\/Prana Filmes\/Divulga\u00e7\u00e3o<\/figcaption><\/figure><\/div>\n\n\n\n<p><strong>Em entrevista \u00e0 Variety, voc\u00ea comentou que tinha muito medo de que o filme fosse visto apenas como um filme \u201csobre a pandemia\u201d, sendo que voc\u00ea o escreveu para ser um filme mais feminista, que retratasse a retirada do direito de escolha que as mulheres vivenciam. Acha que a audi\u00eancia vai conseguir ver esse lado da obra ou observar\u00e3o apenas a quest\u00e3o envolvendo o coronav\u00edrus?<\/strong><\/p>\n\n\n\n<p>Tudo tem um lado positivo e negativo. O lado positivo \u00e9 que as pessoas est\u00e3o se relacionando muito com os personagens, elas est\u00e3o se vendo ali na cena. Ent\u00e3o, por esse motivo, elas acabam se emocionando mais e \u00e9 \u00f3timo que as pessoas fa\u00e7am essa rela\u00e7\u00e3o, que tenham essa semelhan\u00e7a pessoal com o filme. Por\u00e9m, \u00e9 claro, a quest\u00e3o da personagem, da mulher tendo seus desejos reprimidos, fica um pouco ofuscada. Algumas cr\u00edticas perceberam essa tem\u00e1tica no filme, observando a diferen\u00e7a das rea\u00e7\u00f5es da personagem feminina com o masculino, ent\u00e3o acho que h\u00e1 pessoas entendendo.<\/p>\n\n\n\n<p class=\"has-text-align-center\"><strong>\u201cCom o passar dos anos da Nuvem, as pessoas est\u00e3o achando normais coisas que n\u00e3o deveriam ser normais, e tudo est\u00e1 se tornando um absurdo, e de um jeito silencioso, de um jeito que as pessoas est\u00e3o aceitando\u201d<\/strong><\/p>\n\n\n\n<p><strong>Em determinado momento do filme, h\u00e1 uma cena que aborda a quest\u00e3o da viol\u00eancia sexual contra a crian\u00e7a e o adolescente. No Brasil, de acordo com dados do Disque 100 (2011-2017), em 92% das den\u00fancias de viol\u00eancia sexual infantil as v\u00edtimas eram do sexo feminino. Ainda de acordo com o servi\u00e7o de emerg\u00eancia, em 54% das den\u00fancias, o agressor, que \u00e9 majoritariamente do sexo masculino, \u00e9 algu\u00e9m pr\u00f3ximo \u00e0 v\u00edtima. Acha que essa representa\u00e7\u00e3o no cinema pode abrir espa\u00e7o para que discuss\u00f5es sobre o assunto aconte\u00e7am, especialmente aqui no Brasil?<\/strong><\/p>\n\n\n\n<p>Nessa cena, o que \u00e9 triste \u00e9 a personagem estar super c\u00ednica a respeito da viol\u00eancia, ela est\u00e1 falando como se n\u00e3o fosse nada. \u00c9 uma situa\u00e7\u00e3o muito complicada o que est\u00e1 acontecendo com a irm\u00e3 da Giovana e \u00e9 um dos fatores que faz com que a protagonista fique mais apavorada com essa situa\u00e7\u00e3o absurda. Com o passar dos anos da Nuvem, as pessoas est\u00e3o achando normais coisas que n\u00e3o deveriam ser normais, e tudo est\u00e1 se tornando um absurdo, e de um jeito silencioso, de um jeito que as pessoas est\u00e3o aceitando.<\/p>\n\n\n\n<div class=\"wp-block-image\"><figure class=\"aligncenter size-large\"><img loading=\"lazy\" decoding=\"async\" width=\"1024\" height=\"432\" src=\"https:\/\/www.pranafilmes.com.br\/wp-content\/uploads\/2021\/03\/Elastica2-1024x432.jpg\" alt=\"\" class=\"wp-image-4073\" srcset=\"https:\/\/www.pranafilmes.com.br\/wp-content\/uploads\/2021\/03\/Elastica2-1024x432.jpg 1024w, https:\/\/www.pranafilmes.com.br\/wp-content\/uploads\/2021\/03\/Elastica2-300x127.jpg 300w, https:\/\/www.pranafilmes.com.br\/wp-content\/uploads\/2021\/03\/Elastica2-768x324.jpg 768w, https:\/\/www.pranafilmes.com.br\/wp-content\/uploads\/2021\/03\/Elastica2-1536x648.jpg 1536w, https:\/\/www.pranafilmes.com.br\/wp-content\/uploads\/2021\/03\/Elastica2-2048x864.jpg 2048w\" sizes=\"(max-width: 1024px) 100vw, 1024px\" \/><figcaption>Nuvem Rosa\/Prana Filmes\/Divulga\u00e7\u00e3o<\/figcaption><\/figure><\/div>\n\n\n\n<p><strong>\u201cTudo est\u00e1 se tornando um absurdo, e de um jeito silencioso, de um jeito que as pessoas est\u00e3o aceitando.\u201d Isso \u00e9 um paralelo com a situa\u00e7\u00e3o do Brasil e do mundo atualmente?<\/strong><\/p>\n\n\n\n<p>O filme mudou muito. Antes, em determinada etapa do roteiro, a Nuvem estava no mundo inteiro. Depois, quando o Presidente Jair Bolsonaro assumiu, a gente colocou a Nuvem s\u00f3 no Brasil, para fazermos um paralelo do tipo \u201co Brasil est\u00e1 intoxicado\u201d. Com a pandemia do coronav\u00edrus, a Nuvem voltou a ser no mundo inteiro, porque estamos todos juntos nessa loucura, ent\u00e3o faz mais sentido.<\/p>\n\n\n\n<div class=\"wp-block-image\"><figure class=\"aligncenter size-large\"><img loading=\"lazy\" decoding=\"async\" width=\"495\" height=\"497\" src=\"https:\/\/www.pranafilmes.com.br\/wp-content\/uploads\/2021\/03\/Elastica3.png\" alt=\"\" class=\"wp-image-4076\" srcset=\"https:\/\/www.pranafilmes.com.br\/wp-content\/uploads\/2021\/03\/Elastica3.png 495w, https:\/\/www.pranafilmes.com.br\/wp-content\/uploads\/2021\/03\/Elastica3-300x300.png 300w, https:\/\/www.pranafilmes.com.br\/wp-content\/uploads\/2021\/03\/Elastica3-150x150.png 150w\" sizes=\"(max-width: 495px) 100vw, 495px\" \/><\/figure><\/div>\n\n\n\n<div class=\"wp-block-image\"><figure class=\"aligncenter size-large\"><img loading=\"lazy\" decoding=\"async\" width=\"491\" height=\"497\" src=\"https:\/\/www.pranafilmes.com.br\/wp-content\/uploads\/2021\/03\/Elastica4.png\" alt=\"\" class=\"wp-image-4078\" srcset=\"https:\/\/www.pranafilmes.com.br\/wp-content\/uploads\/2021\/03\/Elastica4.png 491w, https:\/\/www.pranafilmes.com.br\/wp-content\/uploads\/2021\/03\/Elastica4-296x300.png 296w\" sizes=\"(max-width: 491px) 100vw, 491px\" \/><figcaption><a href=\"https:\/\/www.instagram.com\/p\/CG6RdxXgDjZ\/?igshid=2wjroiz5aw5r\" target=\"_blank\" rel=\"noreferrer noopener\">https:\/\/www.instagram.com\/p\/CG6RdxXgDjZ\/?igshid=2wjroiz5aw5r<\/a><\/figcaption><\/figure><\/div>\n\n\n\n<p><strong>O roteiro do filme A Nuvem Rosa foi escrito em 2017. De onde surgiu a ideia de colocar a humanidade inteira em quarentena?<\/strong><\/p>\n\n\n\n<p>Gosto de escrever hist\u00f3rias de relacionamentos entre pessoas e seus conflitos, ent\u00e3o a minha ambi\u00e7\u00e3o, desde o come\u00e7o, foi trabalhar esse relacionamento. Penso na Giovana e no Yago como um espelho de v\u00e1rios outros relacionamentos que est\u00e3o acontecendo no mundo, pincelando v\u00e1rias coisas, mas focado nos dois. Ent\u00e3o, por mais que seja uma fic\u00e7\u00e3o cient\u00edfica, \u00e9 uma fic\u00e7\u00e3o cient\u00edfica intimista. A ideia inicial era: eu quero um casal que acabou de se conhecer, que passaria s\u00f3 uma noite juntos e de repente est\u00e3o anos e anos juntos, numa situa\u00e7\u00e3o absurda e sem escolha. O conceito da nuvem rosa surgiu porque eu queria um elemento mais surreal.<\/p>\n\n\n\n<p class=\"has-text-align-center\"><strong>\u201cPenso na Giovana e no Yago como um espelho de v\u00e1rios outros relacionamentos que est\u00e3o acontecendo no mundo, pincelando v\u00e1rias coisas, mas focado nos dois. Ent\u00e3o, por mais que seja uma fic\u00e7\u00e3o cient\u00edfica \u00e9 uma fic\u00e7\u00e3o cient\u00edfica intimista\u201d<\/strong><\/p>\n\n\n\n<p><strong>No cinema e no audiovisual, o debate sobre a falta de oportunidades para as mulheres \u00e9 uma discuss\u00e3o cada vez mais presente, principalmente nos \u00faltimos anos, com movimentos como o Time\u2019s Up. Voc\u00ea acha que essas discuss\u00f5es est\u00e3o surtindo efeito?<\/strong><\/p>\n\n\n\n<p>Felizmente, h\u00e1 mais espa\u00e7os para as mulheres, que est\u00e3o criando mais. Se voc\u00ea olhar algumas gera\u00e7\u00f5es antes da minha, as mulheres estavam muito na produ\u00e7\u00e3o aqui no brasil. Grandes produtoras com mulheres no comando, mas que s\u00f3 ajeitavam o terreno para que os homens dirigissem e criassem. Agora, na minha gera\u00e7\u00e3o e na gera\u00e7\u00e3o um pouco mais velha, h\u00e1 mais diretoras que est\u00e3o se destacando em festivais internacionais e nacionais, e isso \u00e9 o b\u00e1sico. Sundance foi importante porque <strong>50% dos filmes selecionados foram dirigidos por mulheres<\/strong>. A gente fazia os eventos e via um monte de mulher, e isso \u00e9 uma grande diferen\u00e7a do que v\u00edamos no passado.&nbsp;<\/p>\n\n\n\n<div class=\"wp-block-image\"><figure class=\"aligncenter size-large\"><img loading=\"lazy\" decoding=\"async\" width=\"1024\" height=\"576\" src=\"https:\/\/www.pranafilmes.com.br\/wp-content\/uploads\/2021\/03\/Elastica-1024x576.jpg\" alt=\"\" class=\"wp-image-4080\" srcset=\"https:\/\/www.pranafilmes.com.br\/wp-content\/uploads\/2021\/03\/Elastica-1024x576.jpg 1024w, https:\/\/www.pranafilmes.com.br\/wp-content\/uploads\/2021\/03\/Elastica-300x169.jpg 300w, https:\/\/www.pranafilmes.com.br\/wp-content\/uploads\/2021\/03\/Elastica-768x432.jpg 768w, https:\/\/www.pranafilmes.com.br\/wp-content\/uploads\/2021\/03\/Elastica-1536x864.jpg 1536w, https:\/\/www.pranafilmes.com.br\/wp-content\/uploads\/2021\/03\/Elastica.jpg 1920w\" sizes=\"(max-width: 1024px) 100vw, 1024px\" \/><figcaption>Iuli Gerbase\/Arquivo<br><\/figcaption><\/figure><\/div>\n\n\n\n<p><strong>Como foi trabalhar com a Prana Filmes?<\/strong><\/p>\n\n\n\n<p>Eu tive muita liberdade com A Nuvem Rosa. Acho que as produtoras do Sul s\u00e3o muito guerreiras no sentido de que a gente trabalha com or\u00e7amentos bem menores do que Rio de Janeiro e S\u00e3o Paulo, os editais regionais s\u00e3o 1\/3 do que se trabalha l\u00e1. As produtoras se esfor\u00e7am para que o filme tenha qualidade art\u00edstica, fique bonito, com um pagamento justo, mas sempre chegando no limite com o que podemos fazer dentro desse or\u00e7amento. Acho que isso \u00e9 um grande m\u00e9rito das produtoras do Sul. Creio que agora, no Brasil, n\u00e3o \u00e9 o melhor momento para o setor cultural, mas espero que melhore e que os or\u00e7amentos possam ser maiores, porque a gente produz muitas coisas legais aqui.<\/p>\n\n\n\n<div class=\"wp-block-image\"><figure class=\"aligncenter size-large\"><img loading=\"lazy\" decoding=\"async\" width=\"491\" height=\"491\" src=\"https:\/\/www.pranafilmes.com.br\/wp-content\/uploads\/2021\/03\/Elastica5.png\" alt=\"\" class=\"wp-image-4082\" srcset=\"https:\/\/www.pranafilmes.com.br\/wp-content\/uploads\/2021\/03\/Elastica5.png 491w, https:\/\/www.pranafilmes.com.br\/wp-content\/uploads\/2021\/03\/Elastica5-300x300.png 300w, https:\/\/www.pranafilmes.com.br\/wp-content\/uploads\/2021\/03\/Elastica5-150x150.png 150w\" sizes=\"(max-width: 491px) 100vw, 491px\" \/><figcaption><a href=\"https:\/\/www.instagram.com\/p\/CGFdgYgp3Bl\/?igshid=1jmha09ilo6wq\" target=\"_blank\" rel=\"noreferrer noopener\">https:\/\/www.instagram.com\/p\/CGFdgYgp3Bl\/?igshid=1jmha09ilo6wq<\/a><\/figcaption><\/figure><\/div>\n\n\n\n<p><strong>Por usar verba p\u00fablica, qual retorno voc\u00eas precisam dar para a sociedade?<\/strong><\/p>\n\n\n\n<p>Devolver todo o or\u00e7amento do filme. Com o fundo setorial do audiovisual (FSA) \u00e9 sempre assim. Ele te d\u00e1 o dinheiro e, \u00e0 medida em que voc\u00ea vai vendendo o filme, no exterior ou Brasil, vai devolvendo aos poucos. \u00c9 engra\u00e7ado porque as pessoas falam t\u00e3o mal de financiamento sendo que \u00e9 um fundo que se alimenta por ele mesmo. A gente \u00e9 muito criticado por usar o dinheiro p\u00fablico, mas as pessoas nem sabem como funciona.<\/p>\n\n\n\n<p class=\"has-text-align-center\"><strong>\u201c\u00c9 engra\u00e7ado porque as pessoas falam t\u00e3o mal de financiamento sendo que \u00e9 um fundo que se alimenta por ele mesmo. A gente \u00e9 muito criticado por usar o dinheiro p\u00fablico, mas as pessoas nem sabem como funciona\u201d<\/strong><\/p>\n\n\n\n<p><strong>S\u00e3o Paulo e Rio de Janeiro s\u00e3o as duas cidades polos do audiovisual brasileiro. No entanto, o Brasil sempre possuiu uma forte produ\u00e7\u00e3o cinematogr\u00e1fica regional, a exemplo dos longas ga\u00fachos Beira-Mar (2015) e Yonlu (2017), os nordestinos Bacurau (2019) e Deus e o Diabo na Terra do Sol (1964). Voc\u00ea cr\u00ea que a fortifica\u00e7\u00e3o do cinema independente regional permitir\u00e1 a cria\u00e7\u00e3o de uma identidade cinematogr\u00e1fica mais forte no pa\u00eds?<\/strong><\/p>\n\n\n\n<p>\u00c9 sempre bom ter narrativas de todos os lugares do Brasil, porque ele \u00e9 um pa\u00eds muito grande, ent\u00e3o n\u00e3o d\u00e1 para ficar s\u00f3 em Rio e S\u00e3o Paulo. Como brasileiro, muitas vezes a gente j\u00e1 pensa a hist\u00f3ria pensando na produ\u00e7\u00e3o. Eu nem tenho vontade de criar produ\u00e7\u00f5es gigantes, um \u00e9pico, o que n\u00e3o quer dizer que eu acho que a gente n\u00e3o deva aumentar um pouco mais os or\u00e7amentos regionais porque, quando \u00e9 apertado demais, fica um pouco chato para toda a equipe, mesmo que o filme seja s\u00f3 em um apartamento. O cinema digital nos ajudou muito a deixar tudo mais barato, a gente tem c\u00e2meras super em conta e, usando direito, fazendo um tratamento de cor legal, fica esteticamente super bonito. Acho que isso foi uma grande virada para o cinema.<\/p>\n\n\n\n<p><strong>Como foi a prepara\u00e7\u00e3o dos atores principais e o seu trabalho com eles para viverem esse casal?<\/strong><\/p>\n\n\n\n<p>Eu j\u00e1 conhecia os dois, j\u00e1 tinha trabalhado em curtas-metragens com eles e eles j\u00e1 tinham uma intimidade de amigos. A gente ensaiou mais de um m\u00eas, com bastante frequ\u00eancia. Tivemos que ensaiar muito com as crian\u00e7as, principalmente a de 4 anos, para ela se sentir \u00e0 vontade com os adultos, fizemos muitas brincadeiras e jogos. Eu confio muito neles e eles confiaram muito em mim \u2013 e isso \u00e9 muito importante. A gente n\u00e3o tinha medo de repetir. Eles podiam falar comigo abertamente e eu com eles, ent\u00e3o conversamos muito sobre os personagens. Toda vez que eu vejo o filme, me orgulho muito dos dois, porque eles est\u00e3o muito bem nos pap\u00e9is.<\/p>\n\n\n\n<div class=\"wp-block-image\"><figure class=\"aligncenter size-large\"><img loading=\"lazy\" decoding=\"async\" width=\"681\" height=\"383\" src=\"https:\/\/www.pranafilmes.com.br\/wp-content\/uploads\/2021\/02\/Variety_1.jpg\" alt=\"\" class=\"wp-image-3983\" srcset=\"https:\/\/www.pranafilmes.com.br\/wp-content\/uploads\/2021\/02\/Variety_1.jpg 681w, https:\/\/www.pranafilmes.com.br\/wp-content\/uploads\/2021\/02\/Variety_1-300x169.jpg 300w\" sizes=\"(max-width: 681px) 100vw, 681px\" \/><figcaption>Nuvem Rosa\/Prana Filmes\/Divulga\u00e7\u00e3o<\/figcaption><\/figure><\/div>\n\n\n\n<p><strong>Por que voc\u00ea escolheu a cor rosa para retratar a nuvem?<\/strong><\/p>\n\n\n\n<p>A ideia era fazer com que essa nuvem tivesse uma cara que n\u00e3o fosse assustadora, como as nuvens de filmes de terror. O objetivo era ser po\u00e9tica, bonita e meio sedutora. A ideia era de que fosse encantadora e que, conforme os anos fossem passando, eles v\u00eaem que a nuvem, na verdade, est\u00e1 afetando muito eles, principalmente as mulheres. E, claro, tamb\u00e9m escolhemos rosa porque \u00e9 uma cor que est\u00e1 sempre associada \u00e0 mulher.<\/p>\n\n\n\n<p><strong>No filme, com o passar da quarentena, um dos personagens passa a louvar a Nuvem Rosa, como se aquela gigante adversidade fosse algo positivo. Em uma cena do trailer, vemos o Yago (Eduardo Mendon\u00e7a) louvando a Nuvem Rosa, transformando aquela perturba\u00e7\u00e3o quase que em uma figura divina. O que voc\u00ea quis dizer com essa cena?<\/strong><\/p>\n\n\n\n<p>A ideia sempre foi trabalhar o oposto nos personagens. Enquanto a Giovana piora cada vez mais, achando a situa\u00e7\u00e3o absurda e tentando fugir dela, o Yago n\u00e3o fala explicitamente que est\u00e1 curtindo a vida com a Nuvem, mas tipo, ele sempre quis ter filho, agora tem um filho, agora ele est\u00e1 com uma mulher legal, uma mulher bonita e est\u00e1 em um apartamento confort\u00e1vel. Ele tem uma positividade t\u00f3xica. \u00c9 uma daquelas pessoas que querem sempre ver o lado positivo, mas v\u00e3o ao extremo. Ele nem sabe mais se quer que a nuvem v\u00e1 embora, de t\u00e3o acostumado que est\u00e1 com a situa\u00e7\u00e3o. Ent\u00e3o, quando ele reza para a nuvem, ele desviou completamente porque a coisa est\u00e1 mais tensa e mais macabra do que a gente imaginava.<\/p>\n\n\n\n<p><strong>Com a streaming, nota-se que muitos conte\u00fados de nicho se tornaram mainstream mesmo sem as pessoas saberem a diferencia\u00e7\u00e3o. Voc\u00ea cr\u00ea que isso favorece o cinema independente e o de nicho?<\/strong><\/p>\n\n\n\n<p>Acho que sim. A gente n\u00e3o deve ficar rotulando tanto os filmes, porque, por exemplo, nunca fui grande f\u00e3 de filmes de terror. N\u00e3o por serem ruins, mas porque eu sou muito medrosa. No entanto, h\u00e1 terrores t\u00e3o interessantes ultimamente que eu me esfor\u00e7o para ver e gosto, como o Corra! (2017), Midsommar (2019), os filmes da Juliana Rojas, que \u00e9 maravilhosa, assim como o sci-fi. Ent\u00e3o, com certeza \u00e9 bom porque as pessoas, com o streaming, experimentam coisas novas.<\/p>\n\n\n\n<p><strong>A fotografia e a coloriza\u00e7\u00e3o do filme A Nuvem Rosa se destacam pelo seu poder e controle narrativo. Quem assina a dire\u00e7\u00e3o de fotografia \u00e9 o Bruno Polidoro. Como foi o processo de cria\u00e7\u00e3o dessa est\u00e9tica? Voc\u00ea escolheu trabalhar com o Bruno?<\/strong><\/p>\n\n\n\n<p>Escolhi e n\u00e3o deixo ningu\u00e9m mais escolher. Eu j\u00e1 trabalhei com ele em curtas meus e j\u00e1 trabalhei com ele em outros trabalhos. Ele \u00e9 um parceiro incr\u00edvel, a gente tem muita afinidade e ele \u00e9 muito querido, al\u00e9m de ser muito talentoso. Um dos nossos desafios era como manter esse apartamento interessante, porque o filme \u00e9 meio claustrof\u00f3bico, mas a gente n\u00e3o queria que fosse chato. Ent\u00e3o, variamos os tons de rosa, e, com o trabalho da dire\u00e7\u00e3o de arte, trouxemos essa varia\u00e7\u00e3o das imagens, das cenas, dos movimentos, do cen\u00e1rio e isso foi muito importante para n\u00f3s. Acho que h\u00e1 uma riqueza visual no filme, acho ele muito bonito: os tons de rosa, a corre\u00e7\u00e3o de cor e como ele n\u00e3o usa o rosa sempre preenchendo tudo. Ficamos livres para criar um universo surrealista, mas que fosse interessante.<\/p>\n\n\n\n<div class=\"wp-block-image\"><figure class=\"aligncenter size-large\"><img loading=\"lazy\" decoding=\"async\" width=\"486\" height=\"254\" src=\"https:\/\/www.pranafilmes.com.br\/wp-content\/uploads\/2021\/03\/Elastica.png\" alt=\"\" class=\"wp-image-4085\" srcset=\"https:\/\/www.pranafilmes.com.br\/wp-content\/uploads\/2021\/03\/Elastica.png 486w, https:\/\/www.pranafilmes.com.br\/wp-content\/uploads\/2021\/03\/Elastica-300x157.png 300w\" sizes=\"(max-width: 486px) 100vw, 486px\" \/><figcaption><a href=\"https:\/\/www.instagram.com\/p\/CKlxiRlHE72\/?igshid=1xqecdtwe11lq\" target=\"_blank\" rel=\"noreferrer noopener\">https:\/\/www.instagram.com\/p\/CKlxiRlHE72\/?igshid=1xqecdtwe11lq<\/a><\/figcaption><\/figure><\/div>\n\n\n\n<p><strong>O Brasil \u00e9 um pa\u00eds rico em cultura e um bom espelho disso \u00e9 a variedade de m\u00fasicas que temos por aqui. No entanto, no filme, a can\u00e7\u00e3o cantada n\u00e3o est\u00e1 em portugu\u00eas, e sim em ingl\u00eas com trechos em italiano. Por que optou por uma trilha assim?<\/strong><\/p>\n\n\n\n<p>Essa m\u00fasica foi criada por um brasileiro, toda a m\u00fasica do filme \u00e9 original, e essa m\u00fasica, a La Vitta, tem esse tom ir\u00f4nico. N\u00f3s quer\u00edamos um tema que fosse um deboche, com uma letra em ingl\u00eas que fosse muito boba. Quer\u00edamos que parecesse uma m\u00fasica dos anos 50, mas vinda de fora para trazer essa chacota e ironia de um filme americano dos anos 50, daquela dona de casa t\u00edpica. Quer\u00edamos uma m\u00fasica que lembrasse um pouco da Doris Day, tanto que uma das nossas refer\u00eancias era a can\u00e7\u00e3o \u201cQue Sera Sera (Whatever will be will be)\u201d.<\/p>\n\n\n\n<p><strong>Voc\u00ea acabou de ser indicada para Jordan Ressler First Feature Award, na edi\u00e7\u00e3o de 2021 do Miami Film Festival. Planeja manter o filme rodando no circuito de festivais?<\/strong><\/p>\n\n\n\n<p>Por mim, eu faria festivais o ano todo e gostaria de entrar nos festivais brasileiros, que s\u00e3o mais para o segundo semestre, mas ainda estamos vendo quando \u00e9 a melhor data para lan\u00e7ar o filme, n\u00e3o sei se no cinema ou no streaming.<\/p>\n\n\n\n<p class=\"has-text-align-center\"><strong>\u201cTemos que abrir os olhos do p\u00fablico para valorizar o cinema brasileiro, porque, \u00e0s vezes, me parece um complexo de vira-lata\u201d<\/strong><\/p>\n\n\n\n<p><strong>Como voc\u00ea v\u00ea a coopera\u00e7\u00e3o entre as cineastas mulheres entre si para poderem crescer no mercado?<\/strong><\/p>\n\n\n\n<p>Acho que as pessoas precisam aceitar a realidade, porque n\u00f3s j\u00e1 provamos que fazemos filmes com muita qualidade em festivais que n\u00e3o est\u00e3o nos fazendo nenhum favor ao colocar o nosso filme na sele\u00e7\u00e3o, s\u00e3o festivais que t\u00eam muita competi\u00e7\u00e3o. A Petra foi indicada ao Oscar, a Juliana Rojas foi para Cannes mais de uma vez, a Anita Rocha da Silveira tamb\u00e9m, ent\u00e3o acho que a nossa grande batalha aqui no Brasil n\u00e3o \u00e9 nem s\u00f3 com as mulheres e, sim, com o preconceito do p\u00fablico brasileiro com os filmes nacionais. Tu v\u00ea \u00e0s vezes coment\u00e1rios bobos tipo \u201cah, quando v\u00e3o fazer algo que preste de filme nacional?\u201d e as pessoas t\u00eam uma vis\u00e3o restrita. Se voc\u00ea comparar Elena (2012) com Bacurau (2019) e com A Vida Invis\u00edvel (2019), percebe que s\u00e3o completamente diferentes, h\u00e1 filmes para todos os gostos. Temos que abrir os olhos do p\u00fablico para valorizar o cinema brasileiro, porque, \u00e0s vezes, me parece um complexo de vira-lata.<\/p>\n\n\n\n<div class=\"wp-block-image\"><figure class=\"aligncenter size-large\"><img loading=\"lazy\" decoding=\"async\" width=\"1024\" height=\"432\" src=\"https:\/\/www.pranafilmes.com.br\/wp-content\/uploads\/2021\/03\/Elastica2-1024x432.jpg\" alt=\"\" class=\"wp-image-4073\" srcset=\"https:\/\/www.pranafilmes.com.br\/wp-content\/uploads\/2021\/03\/Elastica2-1024x432.jpg 1024w, https:\/\/www.pranafilmes.com.br\/wp-content\/uploads\/2021\/03\/Elastica2-300x127.jpg 300w, https:\/\/www.pranafilmes.com.br\/wp-content\/uploads\/2021\/03\/Elastica2-768x324.jpg 768w, https:\/\/www.pranafilmes.com.br\/wp-content\/uploads\/2021\/03\/Elastica2-1536x648.jpg 1536w, https:\/\/www.pranafilmes.com.br\/wp-content\/uploads\/2021\/03\/Elastica2-2048x864.jpg 2048w\" sizes=\"(max-width: 1024px) 100vw, 1024px\" \/><figcaption>Nuvem Rosa\/Prana Filmes\/Divulga\u00e7\u00e3o<\/figcaption><\/figure><\/div>\n\n\n\n<p><strong>Voc\u00ea que previu a quarentena, como voc\u00ea passou a sua?<\/strong><\/p>\n\n\n\n<p>Logo no come\u00e7o, a gente brincava, a equipe e os atores, que j\u00e1 est\u00e1vamos preparados, mas isso quando ach\u00e1vamos que a quarentena duraria s\u00f3 dois meses. Quando eu cogitava que ia durar um ano, eu mesma negava. Nos primeiros meses, tive muito dias de ansiedade. Imagina se tu escreves um filme de fic\u00e7\u00e3o cient\u00edfica e as coisas se tornam reais, sendo que era para ser tudo de mentira? Acho que para os atores que tinham passado mais por um processo de se imaginar psicologicamente e fisicamente, e a\u00ed tiveram que viver tudo de novo, foi pior. Eu passei escrevendo bastante, tinha prazos e roteiros para entregar. Felizmente, n\u00e3o peguei o covid e espero que estejamos chegando perto do final.<\/p>\n\n\n\n<p><strong>O que podemos esperar do seu trabalho no futuro?<\/strong><\/p>\n\n\n\n<p>\u00c9 engra\u00e7ado, porque se eu estiver prevendo o futuro de novo, vai haver um alien\u00edgena nos visitando. \u00c9 isso que eu posso falar.<\/p>\n\n\n\n<p>Por Gabriel Portella<br>1 Mar 2021<\/p>\n\n\n\n<p>Source: https:\/\/elasticaoficial.com.br\/especiais\/nuvem-rosa-filme-pandemia-sundance\/<\/p>\n","protected":false},"excerpt":{"rendered":"<p>Filme da ga\u00facha Iuli Gerbase &#8220;previu&#8221; a pandemia, estreou com 100% de aprova\u00e7\u00e3o no Rotten Tomatoes e conquistou lugar no Festival de Sundance 2021 N\u00e3o \u00e9 de hoje que a fic\u00e7\u00e3o cient\u00edfica, em suas variadas manifesta\u00e7\u00f5es, trabalha e brinca com a desconhecida resposta para uma pergunta que caminha paralela a humanidade: e se a ra\u00e7a [&hellip;]<\/p>\n","protected":false},"author":8,"featured_media":4090,"comment_status":"open","ping_status":"open","sticky":false,"template":"","format":"standard","meta":{"footnotes":""},"categories":[17],"tags":[],"yoast_head":"<!-- This site is optimized with the Yoast SEO plugin v21.8 - https:\/\/yoast.com\/wordpress\/plugins\/seo\/ -->\n<title>A nuvem rosa - Prana Filmes<\/title>\n<meta name=\"robots\" content=\"index, follow, max-snippet:-1, max-image-preview:large, max-video-preview:-1\" \/>\n<link rel=\"canonical\" href=\"https:\/\/www.pranafilmes.com.br\/a-nuvem-rosa\/\" \/>\n<meta property=\"og:locale\" content=\"en_US\" \/>\n<meta property=\"og:type\" content=\"article\" \/>\n<meta property=\"og:title\" content=\"A nuvem rosa - Prana Filmes\" \/>\n<meta property=\"og:description\" content=\"Filme da ga\u00facha Iuli Gerbase &#8220;previu&#8221; a pandemia, estreou com 100% de aprova\u00e7\u00e3o no Rotten Tomatoes e conquistou lugar no Festival de Sundance 2021 N\u00e3o \u00e9 de hoje que a fic\u00e7\u00e3o cient\u00edfica, em suas variadas manifesta\u00e7\u00f5es, trabalha e brinca com a desconhecida resposta para uma pergunta que caminha paralela a humanidade: e se a ra\u00e7a [&hellip;]\" \/>\n<meta property=\"og:url\" content=\"https:\/\/www.pranafilmes.com.br\/a-nuvem-rosa\/\" \/>\n<meta property=\"og:site_name\" content=\"Prana Filmes\" \/>\n<meta property=\"article:published_time\" content=\"2021-03-05T20:59:35+00:00\" \/>\n<meta property=\"article:modified_time\" content=\"2021-03-05T21:00:45+00:00\" \/>\n<meta property=\"og:image\" content=\"https:\/\/www.pranafilmes.com.br\/wp-content\/uploads\/2021\/03\/A-Nuvem-Rosa-scaled.jpg\" \/>\n\t<meta property=\"og:image:width\" content=\"2560\" \/>\n\t<meta property=\"og:image:height\" content=\"1440\" \/>\n\t<meta property=\"og:image:type\" content=\"image\/jpeg\" \/>\n<meta name=\"author\" content=\"atendimento\" \/>\n<meta name=\"twitter:card\" content=\"summary_large_image\" \/>\n<meta name=\"twitter:label1\" content=\"Written by\" \/>\n\t<meta name=\"twitter:data1\" content=\"atendimento\" \/>\n\t<meta name=\"twitter:label2\" content=\"Est. reading time\" \/>\n\t<meta name=\"twitter:data2\" content=\"16 minutes\" \/>\n<script type=\"application\/ld+json\" class=\"yoast-schema-graph\">{\"@context\":\"https:\/\/schema.org\",\"@graph\":[{\"@type\":\"Article\",\"@id\":\"https:\/\/www.pranafilmes.com.br\/a-nuvem-rosa\/#article\",\"isPartOf\":{\"@id\":\"https:\/\/www.pranafilmes.com.br\/a-nuvem-rosa\/\"},\"author\":{\"name\":\"atendimento\",\"@id\":\"https:\/\/www.pranafilmes.com.br\/#\/schema\/person\/5b855d76fa55ca32220b0dd00520f858\"},\"headline\":\"A nuvem rosa\",\"datePublished\":\"2021-03-05T20:59:35+00:00\",\"dateModified\":\"2021-03-05T21:00:45+00:00\",\"mainEntityOfPage\":{\"@id\":\"https:\/\/www.pranafilmes.com.br\/a-nuvem-rosa\/\"},\"wordCount\":3232,\"commentCount\":0,\"publisher\":{\"@id\":\"https:\/\/www.pranafilmes.com.br\/#organization\"},\"inLanguage\":\"en-US\",\"potentialAction\":[{\"@type\":\"CommentAction\",\"name\":\"Comment\",\"target\":[\"https:\/\/www.pranafilmes.com.br\/a-nuvem-rosa\/#respond\"]}]},{\"@type\":\"WebPage\",\"@id\":\"https:\/\/www.pranafilmes.com.br\/a-nuvem-rosa\/\",\"url\":\"https:\/\/www.pranafilmes.com.br\/a-nuvem-rosa\/\",\"name\":\"A nuvem rosa - Prana Filmes\",\"isPartOf\":{\"@id\":\"https:\/\/www.pranafilmes.com.br\/#website\"},\"datePublished\":\"2021-03-05T20:59:35+00:00\",\"dateModified\":\"2021-03-05T21:00:45+00:00\",\"breadcrumb\":{\"@id\":\"https:\/\/www.pranafilmes.com.br\/a-nuvem-rosa\/#breadcrumb\"},\"inLanguage\":\"en-US\",\"potentialAction\":[{\"@type\":\"ReadAction\",\"target\":[\"https:\/\/www.pranafilmes.com.br\/a-nuvem-rosa\/\"]}]},{\"@type\":\"BreadcrumbList\",\"@id\":\"https:\/\/www.pranafilmes.com.br\/a-nuvem-rosa\/#breadcrumb\",\"itemListElement\":[{\"@type\":\"ListItem\",\"position\":1,\"name\":\"In\u00edcio\",\"item\":\"https:\/\/www.pranafilmes.com.br\/en\/\"},{\"@type\":\"ListItem\",\"position\":2,\"name\":\"A nuvem rosa\"}]},{\"@type\":\"WebSite\",\"@id\":\"https:\/\/www.pranafilmes.com.br\/#website\",\"url\":\"https:\/\/www.pranafilmes.com.br\/\",\"name\":\"Prana Filmes\",\"description\":\"A produtora de Luciana Tomasi e Carlos Gerbase\",\"publisher\":{\"@id\":\"https:\/\/www.pranafilmes.com.br\/#organization\"},\"potentialAction\":[{\"@type\":\"SearchAction\",\"target\":{\"@type\":\"EntryPoint\",\"urlTemplate\":\"https:\/\/www.pranafilmes.com.br\/?s={search_term_string}\"},\"query-input\":\"required name=search_term_string\"}],\"inLanguage\":\"en-US\"},{\"@type\":\"Organization\",\"@id\":\"https:\/\/www.pranafilmes.com.br\/#organization\",\"name\":\"Prana Filmes\",\"url\":\"https:\/\/www.pranafilmes.com.br\/\",\"logo\":{\"@type\":\"ImageObject\",\"inLanguage\":\"en-US\",\"@id\":\"https:\/\/www.pranafilmes.com.br\/#\/schema\/logo\/image\/\",\"url\":\"https:\/\/www.pranafilmes.com.br\/wp-content\/uploads\/2020\/11\/prana-logo.svg\",\"contentUrl\":\"https:\/\/www.pranafilmes.com.br\/wp-content\/uploads\/2020\/11\/prana-logo.svg\",\"width\":442,\"height\":633,\"caption\":\"Prana Filmes\"},\"image\":{\"@id\":\"https:\/\/www.pranafilmes.com.br\/#\/schema\/logo\/image\/\"}},{\"@type\":\"Person\",\"@id\":\"https:\/\/www.pranafilmes.com.br\/#\/schema\/person\/5b855d76fa55ca32220b0dd00520f858\",\"name\":\"atendimento\",\"image\":{\"@type\":\"ImageObject\",\"inLanguage\":\"en-US\",\"@id\":\"https:\/\/www.pranafilmes.com.br\/#\/schema\/person\/image\/\",\"url\":\"https:\/\/secure.gravatar.com\/avatar\/f8ace77244ab4e6ad526901be13822f6?s=96&d=mm&r=g\",\"contentUrl\":\"https:\/\/secure.gravatar.com\/avatar\/f8ace77244ab4e6ad526901be13822f6?s=96&d=mm&r=g\",\"caption\":\"atendimento\"},\"url\":\"https:\/\/www.pranafilmes.com.br\/en\/author\/atendimento\/\"}]}<\/script>\n<!-- \/ Yoast SEO plugin. -->","yoast_head_json":{"title":"A nuvem rosa - Prana Filmes","robots":{"index":"index","follow":"follow","max-snippet":"max-snippet:-1","max-image-preview":"max-image-preview:large","max-video-preview":"max-video-preview:-1"},"canonical":"https:\/\/www.pranafilmes.com.br\/a-nuvem-rosa\/","og_locale":"en_US","og_type":"article","og_title":"A nuvem rosa - Prana Filmes","og_description":"Filme da ga\u00facha Iuli Gerbase &#8220;previu&#8221; a pandemia, estreou com 100% de aprova\u00e7\u00e3o no Rotten Tomatoes e conquistou lugar no Festival de Sundance 2021 N\u00e3o \u00e9 de hoje que a fic\u00e7\u00e3o cient\u00edfica, em suas variadas manifesta\u00e7\u00f5es, trabalha e brinca com a desconhecida resposta para uma pergunta que caminha paralela a humanidade: e se a ra\u00e7a [&hellip;]","og_url":"https:\/\/www.pranafilmes.com.br\/a-nuvem-rosa\/","og_site_name":"Prana Filmes","article_published_time":"2021-03-05T20:59:35+00:00","article_modified_time":"2021-03-05T21:00:45+00:00","og_image":[{"width":2560,"height":1440,"url":"https:\/\/www.pranafilmes.com.br\/wp-content\/uploads\/2021\/03\/A-Nuvem-Rosa-scaled.jpg","type":"image\/jpeg"}],"author":"atendimento","twitter_card":"summary_large_image","twitter_misc":{"Written by":"atendimento","Est. reading time":"16 minutes"},"schema":{"@context":"https:\/\/schema.org","@graph":[{"@type":"Article","@id":"https:\/\/www.pranafilmes.com.br\/a-nuvem-rosa\/#article","isPartOf":{"@id":"https:\/\/www.pranafilmes.com.br\/a-nuvem-rosa\/"},"author":{"name":"atendimento","@id":"https:\/\/www.pranafilmes.com.br\/#\/schema\/person\/5b855d76fa55ca32220b0dd00520f858"},"headline":"A nuvem rosa","datePublished":"2021-03-05T20:59:35+00:00","dateModified":"2021-03-05T21:00:45+00:00","mainEntityOfPage":{"@id":"https:\/\/www.pranafilmes.com.br\/a-nuvem-rosa\/"},"wordCount":3232,"commentCount":0,"publisher":{"@id":"https:\/\/www.pranafilmes.com.br\/#organization"},"inLanguage":"en-US","potentialAction":[{"@type":"CommentAction","name":"Comment","target":["https:\/\/www.pranafilmes.com.br\/a-nuvem-rosa\/#respond"]}]},{"@type":"WebPage","@id":"https:\/\/www.pranafilmes.com.br\/a-nuvem-rosa\/","url":"https:\/\/www.pranafilmes.com.br\/a-nuvem-rosa\/","name":"A nuvem rosa - Prana Filmes","isPartOf":{"@id":"https:\/\/www.pranafilmes.com.br\/#website"},"datePublished":"2021-03-05T20:59:35+00:00","dateModified":"2021-03-05T21:00:45+00:00","breadcrumb":{"@id":"https:\/\/www.pranafilmes.com.br\/a-nuvem-rosa\/#breadcrumb"},"inLanguage":"en-US","potentialAction":[{"@type":"ReadAction","target":["https:\/\/www.pranafilmes.com.br\/a-nuvem-rosa\/"]}]},{"@type":"BreadcrumbList","@id":"https:\/\/www.pranafilmes.com.br\/a-nuvem-rosa\/#breadcrumb","itemListElement":[{"@type":"ListItem","position":1,"name":"In\u00edcio","item":"https:\/\/www.pranafilmes.com.br\/en\/"},{"@type":"ListItem","position":2,"name":"A nuvem rosa"}]},{"@type":"WebSite","@id":"https:\/\/www.pranafilmes.com.br\/#website","url":"https:\/\/www.pranafilmes.com.br\/","name":"Prana Filmes","description":"A produtora de Luciana Tomasi e Carlos Gerbase","publisher":{"@id":"https:\/\/www.pranafilmes.com.br\/#organization"},"potentialAction":[{"@type":"SearchAction","target":{"@type":"EntryPoint","urlTemplate":"https:\/\/www.pranafilmes.com.br\/?s={search_term_string}"},"query-input":"required name=search_term_string"}],"inLanguage":"en-US"},{"@type":"Organization","@id":"https:\/\/www.pranafilmes.com.br\/#organization","name":"Prana Filmes","url":"https:\/\/www.pranafilmes.com.br\/","logo":{"@type":"ImageObject","inLanguage":"en-US","@id":"https:\/\/www.pranafilmes.com.br\/#\/schema\/logo\/image\/","url":"https:\/\/www.pranafilmes.com.br\/wp-content\/uploads\/2020\/11\/prana-logo.svg","contentUrl":"https:\/\/www.pranafilmes.com.br\/wp-content\/uploads\/2020\/11\/prana-logo.svg","width":442,"height":633,"caption":"Prana Filmes"},"image":{"@id":"https:\/\/www.pranafilmes.com.br\/#\/schema\/logo\/image\/"}},{"@type":"Person","@id":"https:\/\/www.pranafilmes.com.br\/#\/schema\/person\/5b855d76fa55ca32220b0dd00520f858","name":"atendimento","image":{"@type":"ImageObject","inLanguage":"en-US","@id":"https:\/\/www.pranafilmes.com.br\/#\/schema\/person\/image\/","url":"https:\/\/secure.gravatar.com\/avatar\/f8ace77244ab4e6ad526901be13822f6?s=96&d=mm&r=g","contentUrl":"https:\/\/secure.gravatar.com\/avatar\/f8ace77244ab4e6ad526901be13822f6?s=96&d=mm&r=g","caption":"atendimento"},"url":"https:\/\/www.pranafilmes.com.br\/en\/author\/atendimento\/"}]}},"_links":{"self":[{"href":"https:\/\/www.pranafilmes.com.br\/en\/wp-json\/wp\/v2\/posts\/4092"}],"collection":[{"href":"https:\/\/www.pranafilmes.com.br\/en\/wp-json\/wp\/v2\/posts"}],"about":[{"href":"https:\/\/www.pranafilmes.com.br\/en\/wp-json\/wp\/v2\/types\/post"}],"author":[{"embeddable":true,"href":"https:\/\/www.pranafilmes.com.br\/en\/wp-json\/wp\/v2\/users\/8"}],"replies":[{"embeddable":true,"href":"https:\/\/www.pranafilmes.com.br\/en\/wp-json\/wp\/v2\/comments?post=4092"}],"version-history":[{"count":2,"href":"https:\/\/www.pranafilmes.com.br\/en\/wp-json\/wp\/v2\/posts\/4092\/revisions"}],"predecessor-version":[{"id":4094,"href":"https:\/\/www.pranafilmes.com.br\/en\/wp-json\/wp\/v2\/posts\/4092\/revisions\/4094"}],"wp:featuredmedia":[{"embeddable":true,"href":"https:\/\/www.pranafilmes.com.br\/en\/wp-json\/wp\/v2\/media\/4090"}],"wp:attachment":[{"href":"https:\/\/www.pranafilmes.com.br\/en\/wp-json\/wp\/v2\/media?parent=4092"}],"wp:term":[{"taxonomy":"category","embeddable":true,"href":"https:\/\/www.pranafilmes.com.br\/en\/wp-json\/wp\/v2\/categories?post=4092"},{"taxonomy":"post_tag","embeddable":true,"href":"https:\/\/www.pranafilmes.com.br\/en\/wp-json\/wp\/v2\/tags?post=4092"}],"curies":[{"name":"wp","href":"https:\/\/api.w.org\/{rel}","templated":true}]}}